{"id":2411,"date":"2021-07-06T10:55:29","date_gmt":"2021-07-06T14:55:29","guid":{"rendered":"https:\/\/www.proinpa.org\/web\/?p=2411"},"modified":"2021-07-06T10:55:29","modified_gmt":"2021-07-06T14:55:29","slug":"lamentamos-comunicar-el-fallecimiento-de-nuestro-gerente-de-gestion-institucional-el-ph-d-edson-gandarillas-la-familia-de-fundacion-proinpa-esta-de-luto","status":"publish","type":"post","link":"https:\/\/www.proinpa.org\/web\/en\/lamentamos-comunicar-el-fallecimiento-de-nuestro-gerente-de-gestion-institucional-el-ph-d-edson-gandarillas-la-familia-de-fundacion-proinpa-esta-de-luto\/","title":{"rendered":"We regret to announce the death of our Institutional Management Manager, Ph. D. Edson Gandarillas, the PROINPA Foundation family is in mourning."},"content":{"rendered":"<div><img fetchpriority=\"high\" decoding=\"async\" class=\"alignnone size-full wp-image-2412\" src=\"http:\/\/www.proinpa.org\/web\/wp-content\/uploads\/2021\/07\/WhatsApp-Image-2021-07-04-at-17.19.48.jpeg\" alt=\"\" width=\"1280\" height=\"837\" srcset=\"https:\/\/www.proinpa.org\/web\/wp-content\/uploads\/2021\/07\/WhatsApp-Image-2021-07-04-at-17.19.48.jpeg 1280w, https:\/\/www.proinpa.org\/web\/wp-content\/uploads\/2021\/07\/WhatsApp-Image-2021-07-04-at-17.19.48-300x196.jpeg 300w, https:\/\/www.proinpa.org\/web\/wp-content\/uploads\/2021\/07\/WhatsApp-Image-2021-07-04-at-17.19.48-1024x670.jpeg 1024w, https:\/\/www.proinpa.org\/web\/wp-content\/uploads\/2021\/07\/WhatsApp-Image-2021-07-04-at-17.19.48-768x502.jpeg 768w, https:\/\/www.proinpa.org\/web\/wp-content\/uploads\/2021\/07\/WhatsApp-Image-2021-07-04-at-17.19.48-720x471.jpeg 720w\" sizes=\"(max-width: 1280px) 100vw, 1280px\" \/><\/div>\n<div>Dr. Edson Gandarillas is no longer with us but his great teachings of tenacity and intelligence remain to strengthen our legacy. He will be greatly missed and will always be loved by the entire Proinpe\u00f1a family to whom he dedicated a large part of his life.<\/div>\n<div>Thank God for allowing us to share vision and work in all these years. PROINPA is what it is thanks to the contribution and vision of people like Edson.<\/div>\n<p>&nbsp;<\/p>","protected":false},"excerpt":{"rendered":"<p>Dr. Edson Gandarillas is no longer with us, but his great teachings of tenacity and intelligence remain to strengthen our legacy. He will be greatly missed and will always be loved by the entire Proinpe\u00f1a family, to whom he dedicated a large part of his life. Thank God for allowing us to share his vision and work\u2026&nbsp;<a href=\"https:\/\/www.proinpa.org\/web\/en\/lamentamos-comunicar-el-fallecimiento-de-nuestro-gerente-de-gestion-institucional-el-ph-d-edson-gandarillas-la-familia-de-fundacion-proinpa-esta-de-luto\/\" rel=\"bookmark\">Read More \u00bb<span class=\"screen-reader-text\">We regret to announce the death of our Institutional Management Manager, Ph. D. Edson Gandarillas, the PROINPA Foundation family is in mourning.<\/span><\/a><\/p>","protected":false},"author":4,"featured_media":2412,"comment_status":"open","ping_status":"open","sticky":false,"template":"","format":"standard","meta":{"neve_meta_sidebar":"","neve_meta_container":"","neve_meta_enable_content_width":"","neve_meta_content_width":0,"neve_meta_title_alignment":"","neve_meta_author_avatar":"","neve_post_elements_order":"","neve_meta_disable_header":"","neve_meta_disable_footer":"","neve_meta_disable_title":"","footnotes":""},"categories":[1],"tags":[],"class_list":["post-2411","post","type-post","status-publish","format-standard","has-post-thumbnail","hentry","category-sin-categoria"],"yoast_head":"<!-- This site is optimized with the Yoast SEO plugin v27.4 - https:\/\/yoast.com\/product\/yoast-seo-wordpress\/ -->\n<title>Lamentamos comunicar el fallecimiento de nuestro Gerente de Gesti\u00f3n Institucional el Ph. D. Edson Gandarillas, la familia de Fundaci\u00f3n PROINPA est\u00e1 de luto. - Fundaci\u00f3n PROINPA<\/title>\n<meta name=\"robots\" content=\"index, follow, max-snippet:-1, max-image-preview:large, max-video-preview:-1\" \/>\n<link rel=\"canonical\" href=\"https:\/\/www.proinpa.org\/web\/en\/lamentamos-comunicar-el-fallecimiento-de-nuestro-gerente-de-gestion-institucional-el-ph-d-edson-gandarillas-la-familia-de-fundacion-proinpa-esta-de-luto\/\" \/>\n<meta property=\"og:locale\" content=\"en_US\" \/>\n<meta property=\"og:type\" content=\"article\" \/>\n<meta property=\"og:title\" content=\"Lamentamos comunicar el fallecimiento de nuestro Gerente de Gesti\u00f3n Institucional el Ph. D. Edson Gandarillas, la familia de Fundaci\u00f3n PROINPA est\u00e1 de luto. - Fundaci\u00f3n PROINPA\" \/>\n<meta property=\"og:description\" content=\"El Dr. Edson Gandarillas\u00a0 ya no est\u00e1 con nosotros pero quedan sus grandes ense\u00f1anzas de tes\u00f3n e inteligencia para fortalecer nuestro legado. Va a ser muy extra\u00f1ado y siempre ser\u00e1 querido por toda la familia Proinpe\u00f1a a la que dedic\u00f3 gran parte de su vida. Gracias a Dios por habernos permitido compartir visi\u00f3n y trabajo&hellip;&nbsp;Read More &raquo;Lamentamos comunicar el fallecimiento de nuestro Gerente de Gesti\u00f3n Institucional el Ph. D. Edson Gandarillas, la familia de Fundaci\u00f3n PROINPA est\u00e1 de luto.\" \/>\n<meta property=\"og:url\" content=\"https:\/\/www.proinpa.org\/web\/en\/lamentamos-comunicar-el-fallecimiento-de-nuestro-gerente-de-gestion-institucional-el-ph-d-edson-gandarillas-la-familia-de-fundacion-proinpa-esta-de-luto\/\" \/>\n<meta property=\"og:site_name\" content=\"Fundaci\u00f3n PROINPA\" \/>\n<meta property=\"article:publisher\" content=\"https:\/\/www.facebook.com\/PROINPA\/\" \/>\n<meta property=\"article:published_time\" content=\"2021-07-06T14:55:29+00:00\" \/>\n<meta property=\"og:image\" content=\"https:\/\/www.proinpa.org\/web\/wp-content\/uploads\/2021\/07\/WhatsApp-Image-2021-07-04-at-17.19.48.jpeg\" \/>\n\t<meta property=\"og:image:width\" content=\"1280\" \/>\n\t<meta property=\"og:image:height\" content=\"837\" \/>\n\t<meta property=\"og:image:type\" content=\"image\/jpeg\" \/>\n<meta name=\"author\" content=\"admin\" \/>\n<meta name=\"twitter:card\" content=\"summary_large_image\" \/>\n<meta name=\"twitter:label1\" content=\"Written by\" \/>\n\t<meta name=\"twitter:data1\" content=\"admin\" \/>\n\t<meta name=\"twitter:label2\" content=\"Est. reading time\" \/>\n\t<meta name=\"twitter:data2\" content=\"1 minute\" \/>\n<script type=\"application\/ld+json\" class=\"yoast-schema-graph\">{\"@context\":\"https:\\\/\\\/schema.org\",\"@graph\":[{\"@type\":\"Article\",\"@id\":\"https:\\\/\\\/www.proinpa.org\\\/web\\\/lamentamos-comunicar-el-fallecimiento-de-nuestro-gerente-de-gestion-institucional-el-ph-d-edson-gandarillas-la-familia-de-fundacion-proinpa-esta-de-luto\\\/#article\",\"isPartOf\":{\"@id\":\"https:\\\/\\\/www.proinpa.org\\\/web\\\/lamentamos-comunicar-el-fallecimiento-de-nuestro-gerente-de-gestion-institucional-el-ph-d-edson-gandarillas-la-familia-de-fundacion-proinpa-esta-de-luto\\\/\"},\"author\":{\"name\":\"admin\",\"@id\":\"https:\\\/\\\/www.proinpa.org\\\/web\\\/#\\\/schema\\\/person\\\/45c061441ecf3345210362bf2e3b9bf3\"},\"headline\":\"Lamentamos comunicar el fallecimiento de nuestro Gerente de Gesti\u00f3n Institucional el Ph. D. Edson Gandarillas, la familia de Fundaci\u00f3n PROINPA est\u00e1 de luto.\",\"datePublished\":\"2021-07-06T14:55:29+00:00\",\"mainEntityOfPage\":{\"@id\":\"https:\\\/\\\/www.proinpa.org\\\/web\\\/lamentamos-comunicar-el-fallecimiento-de-nuestro-gerente-de-gestion-institucional-el-ph-d-edson-gandarillas-la-familia-de-fundacion-proinpa-esta-de-luto\\\/\"},\"wordCount\":106,\"commentCount\":0,\"publisher\":{\"@id\":\"https:\\\/\\\/www.proinpa.org\\\/web\\\/#organization\"},\"image\":{\"@id\":\"https:\\\/\\\/www.proinpa.org\\\/web\\\/lamentamos-comunicar-el-fallecimiento-de-nuestro-gerente-de-gestion-institucional-el-ph-d-edson-gandarillas-la-familia-de-fundacion-proinpa-esta-de-luto\\\/#primaryimage\"},\"thumbnailUrl\":\"https:\\\/\\\/www.proinpa.org\\\/web\\\/wp-content\\\/uploads\\\/2021\\\/07\\\/WhatsApp-Image-2021-07-04-at-17.19.48.jpeg\",\"articleSection\":[\"Sin categor\u00eda\"],\"inLanguage\":\"en-US\",\"potentialAction\":[{\"@type\":\"CommentAction\",\"name\":\"Comment\",\"target\":[\"https:\\\/\\\/www.proinpa.org\\\/web\\\/lamentamos-comunicar-el-fallecimiento-de-nuestro-gerente-de-gestion-institucional-el-ph-d-edson-gandarillas-la-familia-de-fundacion-proinpa-esta-de-luto\\\/#respond\"]}]},{\"@type\":\"WebPage\",\"@id\":\"https:\\\/\\\/www.proinpa.org\\\/web\\\/lamentamos-comunicar-el-fallecimiento-de-nuestro-gerente-de-gestion-institucional-el-ph-d-edson-gandarillas-la-familia-de-fundacion-proinpa-esta-de-luto\\\/\",\"url\":\"https:\\\/\\\/www.proinpa.org\\\/web\\\/lamentamos-comunicar-el-fallecimiento-de-nuestro-gerente-de-gestion-institucional-el-ph-d-edson-gandarillas-la-familia-de-fundacion-proinpa-esta-de-luto\\\/\",\"name\":\"Lamentamos comunicar el fallecimiento de nuestro Gerente de Gesti\u00f3n Institucional el Ph. D. Edson Gandarillas, la familia de Fundaci\u00f3n PROINPA est\u00e1 de luto. - Fundaci\u00f3n PROINPA\",\"isPartOf\":{\"@id\":\"https:\\\/\\\/www.proinpa.org\\\/web\\\/#website\"},\"primaryImageOfPage\":{\"@id\":\"https:\\\/\\\/www.proinpa.org\\\/web\\\/lamentamos-comunicar-el-fallecimiento-de-nuestro-gerente-de-gestion-institucional-el-ph-d-edson-gandarillas-la-familia-de-fundacion-proinpa-esta-de-luto\\\/#primaryimage\"},\"image\":{\"@id\":\"https:\\\/\\\/www.proinpa.org\\\/web\\\/lamentamos-comunicar-el-fallecimiento-de-nuestro-gerente-de-gestion-institucional-el-ph-d-edson-gandarillas-la-familia-de-fundacion-proinpa-esta-de-luto\\\/#primaryimage\"},\"thumbnailUrl\":\"https:\\\/\\\/www.proinpa.org\\\/web\\\/wp-content\\\/uploads\\\/2021\\\/07\\\/WhatsApp-Image-2021-07-04-at-17.19.48.jpeg\",\"datePublished\":\"2021-07-06T14:55:29+00:00\",\"breadcrumb\":{\"@id\":\"https:\\\/\\\/www.proinpa.org\\\/web\\\/lamentamos-comunicar-el-fallecimiento-de-nuestro-gerente-de-gestion-institucional-el-ph-d-edson-gandarillas-la-familia-de-fundacion-proinpa-esta-de-luto\\\/#breadcrumb\"},\"inLanguage\":\"en-US\",\"potentialAction\":[{\"@type\":\"ReadAction\",\"target\":[\"https:\\\/\\\/www.proinpa.org\\\/web\\\/lamentamos-comunicar-el-fallecimiento-de-nuestro-gerente-de-gestion-institucional-el-ph-d-edson-gandarillas-la-familia-de-fundacion-proinpa-esta-de-luto\\\/\"]}]},{\"@type\":\"ImageObject\",\"inLanguage\":\"en-US\",\"@id\":\"https:\\\/\\\/www.proinpa.org\\\/web\\\/lamentamos-comunicar-el-fallecimiento-de-nuestro-gerente-de-gestion-institucional-el-ph-d-edson-gandarillas-la-familia-de-fundacion-proinpa-esta-de-luto\\\/#primaryimage\",\"url\":\"https:\\\/\\\/www.proinpa.org\\\/web\\\/wp-content\\\/uploads\\\/2021\\\/07\\\/WhatsApp-Image-2021-07-04-at-17.19.48.jpeg\",\"contentUrl\":\"https:\\\/\\\/www.proinpa.org\\\/web\\\/wp-content\\\/uploads\\\/2021\\\/07\\\/WhatsApp-Image-2021-07-04-at-17.19.48.jpeg\",\"width\":1280,\"height\":837},{\"@type\":\"BreadcrumbList\",\"@id\":\"https:\\\/\\\/www.proinpa.org\\\/web\\\/lamentamos-comunicar-el-fallecimiento-de-nuestro-gerente-de-gestion-institucional-el-ph-d-edson-gandarillas-la-familia-de-fundacion-proinpa-esta-de-luto\\\/#breadcrumb\",\"itemListElement\":[{\"@type\":\"ListItem\",\"position\":1,\"name\":\"Portada\",\"item\":\"https:\\\/\\\/www.proinpa.org\\\/web\\\/\"},{\"@type\":\"ListItem\",\"position\":2,\"name\":\"Lamentamos comunicar el fallecimiento de nuestro Gerente de Gesti\u00f3n Institucional el Ph. D. Edson Gandarillas, la familia de Fundaci\u00f3n PROINPA est\u00e1 de luto.\"}]},{\"@type\":\"WebSite\",\"@id\":\"https:\\\/\\\/www.proinpa.org\\\/web\\\/#website\",\"url\":\"https:\\\/\\\/www.proinpa.org\\\/web\\\/\",\"name\":\"Fundaci\u00f3n PROINPA\",\"description\":\"Fundaci\u00f3n para la Promoci\u00f3n e Investigaci\u00f3n de Productos Andinos\",\"publisher\":{\"@id\":\"https:\\\/\\\/www.proinpa.org\\\/web\\\/#organization\"},\"potentialAction\":[{\"@type\":\"SearchAction\",\"target\":{\"@type\":\"EntryPoint\",\"urlTemplate\":\"https:\\\/\\\/www.proinpa.org\\\/web\\\/?s={search_term_string}\"},\"query-input\":{\"@type\":\"PropertyValueSpecification\",\"valueRequired\":true,\"valueName\":\"search_term_string\"}}],\"inLanguage\":\"en-US\"},{\"@type\":\"Organization\",\"@id\":\"https:\\\/\\\/www.proinpa.org\\\/web\\\/#organization\",\"name\":\"Fundaci\u00f3n Proinpa\",\"url\":\"https:\\\/\\\/www.proinpa.org\\\/web\\\/\",\"logo\":{\"@type\":\"ImageObject\",\"inLanguage\":\"en-US\",\"@id\":\"https:\\\/\\\/www.proinpa.org\\\/web\\\/#\\\/schema\\\/logo\\\/image\\\/\",\"url\":\"https:\\\/\\\/www.proinpa.org\\\/web\\\/wp-content\\\/uploads\\\/2019\\\/09\\\/logo_proinpa2.png\",\"contentUrl\":\"https:\\\/\\\/www.proinpa.org\\\/web\\\/wp-content\\\/uploads\\\/2019\\\/09\\\/logo_proinpa2.png\",\"width\":110,\"height\":85,\"caption\":\"Fundaci\u00f3n Proinpa\"},\"image\":{\"@id\":\"https:\\\/\\\/www.proinpa.org\\\/web\\\/#\\\/schema\\\/logo\\\/image\\\/\"},\"sameAs\":[\"https:\\\/\\\/www.facebook.com\\\/PROINPA\\\/\",\"https:\\\/\\\/www.youtube.com\\\/user\\\/FundacionPROINPA\"]},{\"@type\":\"Person\",\"@id\":\"https:\\\/\\\/www.proinpa.org\\\/web\\\/#\\\/schema\\\/person\\\/45c061441ecf3345210362bf2e3b9bf3\",\"name\":\"admin\",\"image\":{\"@type\":\"ImageObject\",\"inLanguage\":\"en-US\",\"@id\":\"https:\\\/\\\/secure.gravatar.com\\\/avatar\\\/31a7b56cca0f00bd1b14ed9dff837ca4ebd2af0a1b8e0cd993e6e798ab17104b?s=96&d=mm&r=g\",\"url\":\"https:\\\/\\\/secure.gravatar.com\\\/avatar\\\/31a7b56cca0f00bd1b14ed9dff837ca4ebd2af0a1b8e0cd993e6e798ab17104b?s=96&d=mm&r=g\",\"contentUrl\":\"https:\\\/\\\/secure.gravatar.com\\\/avatar\\\/31a7b56cca0f00bd1b14ed9dff837ca4ebd2af0a1b8e0cd993e6e798ab17104b?s=96&d=mm&r=g\",\"caption\":\"admin\"},\"url\":\"https:\\\/\\\/www.proinpa.org\\\/web\\\/en\\\/author\\\/admin\\\/\"}]}<\/script>\n<!-- \/ Yoast SEO plugin. -->","yoast_head_json":{"title":"We regret to announce the passing of our Institutional Management Manager, Ph.D. Edson Gandarillas. The PROINPA Foundation family is in mourning. - PROINPA Foundation","robots":{"index":"index","follow":"follow","max-snippet":"max-snippet:-1","max-image-preview":"max-image-preview:large","max-video-preview":"max-video-preview:-1"},"canonical":"https:\/\/www.proinpa.org\/web\/en\/lamentamos-comunicar-el-fallecimiento-de-nuestro-gerente-de-gestion-institucional-el-ph-d-edson-gandarillas-la-familia-de-fundacion-proinpa-esta-de-luto\/","og_locale":"en_US","og_type":"article","og_title":"Lamentamos comunicar el fallecimiento de nuestro Gerente de Gesti\u00f3n Institucional el Ph. D. Edson Gandarillas, la familia de Fundaci\u00f3n PROINPA est\u00e1 de luto. - Fundaci\u00f3n PROINPA","og_description":"El Dr. Edson Gandarillas\u00a0 ya no est\u00e1 con nosotros pero quedan sus grandes ense\u00f1anzas de tes\u00f3n e inteligencia para fortalecer nuestro legado. Va a ser muy extra\u00f1ado y siempre ser\u00e1 querido por toda la familia Proinpe\u00f1a a la que dedic\u00f3 gran parte de su vida. Gracias a Dios por habernos permitido compartir visi\u00f3n y trabajo&hellip;&nbsp;Read More &raquo;Lamentamos comunicar el fallecimiento de nuestro Gerente de Gesti\u00f3n Institucional el Ph. D. Edson Gandarillas, la familia de Fundaci\u00f3n PROINPA est\u00e1 de luto.","og_url":"https:\/\/www.proinpa.org\/web\/en\/lamentamos-comunicar-el-fallecimiento-de-nuestro-gerente-de-gestion-institucional-el-ph-d-edson-gandarillas-la-familia-de-fundacion-proinpa-esta-de-luto\/","og_site_name":"Fundaci\u00f3n PROINPA","article_publisher":"https:\/\/www.facebook.com\/PROINPA\/","article_published_time":"2021-07-06T14:55:29+00:00","og_image":[{"width":1280,"height":837,"url":"https:\/\/www.proinpa.org\/web\/wp-content\/uploads\/2021\/07\/WhatsApp-Image-2021-07-04-at-17.19.48.jpeg","type":"image\/jpeg"}],"author":"admin","twitter_card":"summary_large_image","twitter_misc":{"Written by":"admin","Est. reading time":"1 minute"},"schema":{"@context":"https:\/\/schema.org","@graph":[{"@type":"Article","@id":"https:\/\/www.proinpa.org\/web\/lamentamos-comunicar-el-fallecimiento-de-nuestro-gerente-de-gestion-institucional-el-ph-d-edson-gandarillas-la-familia-de-fundacion-proinpa-esta-de-luto\/#article","isPartOf":{"@id":"https:\/\/www.proinpa.org\/web\/lamentamos-comunicar-el-fallecimiento-de-nuestro-gerente-de-gestion-institucional-el-ph-d-edson-gandarillas-la-familia-de-fundacion-proinpa-esta-de-luto\/"},"author":{"name":"admin","@id":"https:\/\/www.proinpa.org\/web\/#\/schema\/person\/45c061441ecf3345210362bf2e3b9bf3"},"headline":"Lamentamos comunicar el fallecimiento de nuestro Gerente de Gesti\u00f3n Institucional el Ph. D. Edson Gandarillas, la familia de Fundaci\u00f3n PROINPA est\u00e1 de luto.","datePublished":"2021-07-06T14:55:29+00:00","mainEntityOfPage":{"@id":"https:\/\/www.proinpa.org\/web\/lamentamos-comunicar-el-fallecimiento-de-nuestro-gerente-de-gestion-institucional-el-ph-d-edson-gandarillas-la-familia-de-fundacion-proinpa-esta-de-luto\/"},"wordCount":106,"commentCount":0,"publisher":{"@id":"https:\/\/www.proinpa.org\/web\/#organization"},"image":{"@id":"https:\/\/www.proinpa.org\/web\/lamentamos-comunicar-el-fallecimiento-de-nuestro-gerente-de-gestion-institucional-el-ph-d-edson-gandarillas-la-familia-de-fundacion-proinpa-esta-de-luto\/#primaryimage"},"thumbnailUrl":"https:\/\/www.proinpa.org\/web\/wp-content\/uploads\/2021\/07\/WhatsApp-Image-2021-07-04-at-17.19.48.jpeg","articleSection":["Sin categor\u00eda"],"inLanguage":"en-US","potentialAction":[{"@type":"CommentAction","name":"Comment","target":["https:\/\/www.proinpa.org\/web\/lamentamos-comunicar-el-fallecimiento-de-nuestro-gerente-de-gestion-institucional-el-ph-d-edson-gandarillas-la-familia-de-fundacion-proinpa-esta-de-luto\/#respond"]}]},{"@type":"WebPage","@id":"https:\/\/www.proinpa.org\/web\/lamentamos-comunicar-el-fallecimiento-de-nuestro-gerente-de-gestion-institucional-el-ph-d-edson-gandarillas-la-familia-de-fundacion-proinpa-esta-de-luto\/","url":"https:\/\/www.proinpa.org\/web\/lamentamos-comunicar-el-fallecimiento-de-nuestro-gerente-de-gestion-institucional-el-ph-d-edson-gandarillas-la-familia-de-fundacion-proinpa-esta-de-luto\/","name":"We regret to announce the passing of our Institutional Management Manager, Ph.D. Edson Gandarillas. The PROINPA Foundation family is in mourning. - PROINPA Foundation","isPartOf":{"@id":"https:\/\/www.proinpa.org\/web\/#website"},"primaryImageOfPage":{"@id":"https:\/\/www.proinpa.org\/web\/lamentamos-comunicar-el-fallecimiento-de-nuestro-gerente-de-gestion-institucional-el-ph-d-edson-gandarillas-la-familia-de-fundacion-proinpa-esta-de-luto\/#primaryimage"},"image":{"@id":"https:\/\/www.proinpa.org\/web\/lamentamos-comunicar-el-fallecimiento-de-nuestro-gerente-de-gestion-institucional-el-ph-d-edson-gandarillas-la-familia-de-fundacion-proinpa-esta-de-luto\/#primaryimage"},"thumbnailUrl":"https:\/\/www.proinpa.org\/web\/wp-content\/uploads\/2021\/07\/WhatsApp-Image-2021-07-04-at-17.19.48.jpeg","datePublished":"2021-07-06T14:55:29+00:00","breadcrumb":{"@id":"https:\/\/www.proinpa.org\/web\/lamentamos-comunicar-el-fallecimiento-de-nuestro-gerente-de-gestion-institucional-el-ph-d-edson-gandarillas-la-familia-de-fundacion-proinpa-esta-de-luto\/#breadcrumb"},"inLanguage":"en-US","potentialAction":[{"@type":"ReadAction","target":["https:\/\/www.proinpa.org\/web\/lamentamos-comunicar-el-fallecimiento-de-nuestro-gerente-de-gestion-institucional-el-ph-d-edson-gandarillas-la-familia-de-fundacion-proinpa-esta-de-luto\/"]}]},{"@type":"ImageObject","inLanguage":"en-US","@id":"https:\/\/www.proinpa.org\/web\/lamentamos-comunicar-el-fallecimiento-de-nuestro-gerente-de-gestion-institucional-el-ph-d-edson-gandarillas-la-familia-de-fundacion-proinpa-esta-de-luto\/#primaryimage","url":"https:\/\/www.proinpa.org\/web\/wp-content\/uploads\/2021\/07\/WhatsApp-Image-2021-07-04-at-17.19.48.jpeg","contentUrl":"https:\/\/www.proinpa.org\/web\/wp-content\/uploads\/2021\/07\/WhatsApp-Image-2021-07-04-at-17.19.48.jpeg","width":1280,"height":837},{"@type":"BreadcrumbList","@id":"https:\/\/www.proinpa.org\/web\/lamentamos-comunicar-el-fallecimiento-de-nuestro-gerente-de-gestion-institucional-el-ph-d-edson-gandarillas-la-familia-de-fundacion-proinpa-esta-de-luto\/#breadcrumb","itemListElement":[{"@type":"ListItem","position":1,"name":"Portada","item":"https:\/\/www.proinpa.org\/web\/"},{"@type":"ListItem","position":2,"name":"Lamentamos comunicar el fallecimiento de nuestro Gerente de Gesti\u00f3n Institucional el Ph. D. Edson Gandarillas, la familia de Fundaci\u00f3n PROINPA est\u00e1 de luto."}]},{"@type":"WebSite","@id":"https:\/\/www.proinpa.org\/web\/#website","url":"https:\/\/www.proinpa.org\/web\/","name":"PROINPA Foundation","description":"Foundation for the Promotion and Research of Andean Products","publisher":{"@id":"https:\/\/www.proinpa.org\/web\/#organization"},"potentialAction":[{"@type":"SearchAction","target":{"@type":"EntryPoint","urlTemplate":"https:\/\/www.proinpa.org\/web\/?s={search_term_string}"},"query-input":{"@type":"PropertyValueSpecification","valueRequired":true,"valueName":"search_term_string"}}],"inLanguage":"en-US"},{"@type":"Organization","@id":"https:\/\/www.proinpa.org\/web\/#organization","name":"Proinpa Foundation","url":"https:\/\/www.proinpa.org\/web\/","logo":{"@type":"ImageObject","inLanguage":"en-US","@id":"https:\/\/www.proinpa.org\/web\/#\/schema\/logo\/image\/","url":"https:\/\/www.proinpa.org\/web\/wp-content\/uploads\/2019\/09\/logo_proinpa2.png","contentUrl":"https:\/\/www.proinpa.org\/web\/wp-content\/uploads\/2019\/09\/logo_proinpa2.png","width":110,"height":85,"caption":"Fundaci\u00f3n Proinpa"},"image":{"@id":"https:\/\/www.proinpa.org\/web\/#\/schema\/logo\/image\/"},"sameAs":["https:\/\/www.facebook.com\/PROINPA\/","https:\/\/www.youtube.com\/user\/FundacionPROINPA"]},{"@type":"Person","@id":"https:\/\/www.proinpa.org\/web\/#\/schema\/person\/45c061441ecf3345210362bf2e3b9bf3","name":"admin","image":{"@type":"ImageObject","inLanguage":"en-US","@id":"https:\/\/secure.gravatar.com\/avatar\/31a7b56cca0f00bd1b14ed9dff837ca4ebd2af0a1b8e0cd993e6e798ab17104b?s=96&d=mm&r=g","url":"https:\/\/secure.gravatar.com\/avatar\/31a7b56cca0f00bd1b14ed9dff837ca4ebd2af0a1b8e0cd993e6e798ab17104b?s=96&d=mm&r=g","contentUrl":"https:\/\/secure.gravatar.com\/avatar\/31a7b56cca0f00bd1b14ed9dff837ca4ebd2af0a1b8e0cd993e6e798ab17104b?s=96&d=mm&r=g","caption":"admin"},"url":"https:\/\/www.proinpa.org\/web\/en\/author\/admin\/"}]}},"_links":{"self":[{"href":"https:\/\/www.proinpa.org\/web\/en\/wp-json\/wp\/v2\/posts\/2411","targetHints":{"allow":["GET"]}}],"collection":[{"href":"https:\/\/www.proinpa.org\/web\/en\/wp-json\/wp\/v2\/posts"}],"about":[{"href":"https:\/\/www.proinpa.org\/web\/en\/wp-json\/wp\/v2\/types\/post"}],"author":[{"embeddable":true,"href":"https:\/\/www.proinpa.org\/web\/en\/wp-json\/wp\/v2\/users\/4"}],"replies":[{"embeddable":true,"href":"https:\/\/www.proinpa.org\/web\/en\/wp-json\/wp\/v2\/comments?post=2411"}],"version-history":[{"count":1,"href":"https:\/\/www.proinpa.org\/web\/en\/wp-json\/wp\/v2\/posts\/2411\/revisions"}],"predecessor-version":[{"id":2413,"href":"https:\/\/www.proinpa.org\/web\/en\/wp-json\/wp\/v2\/posts\/2411\/revisions\/2413"}],"wp:featuredmedia":[{"embeddable":true,"href":"https:\/\/www.proinpa.org\/web\/en\/wp-json\/wp\/v2\/media\/2412"}],"wp:attachment":[{"href":"https:\/\/www.proinpa.org\/web\/en\/wp-json\/wp\/v2\/media?parent=2411"}],"wp:term":[{"taxonomy":"category","embeddable":true,"href":"https:\/\/www.proinpa.org\/web\/en\/wp-json\/wp\/v2\/categories?post=2411"},{"taxonomy":"post_tag","embeddable":true,"href":"https:\/\/www.proinpa.org\/web\/en\/wp-json\/wp\/v2\/tags?post=2411"}],"curies":[{"name":"wp","href":"https:\/\/api.w.org\/{rel}","templated":true}]}}