{"id":2567,"date":"2021-11-24T09:17:07","date_gmt":"2021-11-24T13:17:07","guid":{"rendered":"https:\/\/www.proinpa.org\/web\/?p=2567"},"modified":"2021-11-24T09:59:38","modified_gmt":"2021-11-24T13:59:38","slug":"presentacion-de-proyecto-conjunto-entre-bolivia-y-japon","status":"publish","type":"post","link":"https:\/\/www.proinpa.org\/web\/en\/presentacion-de-proyecto-conjunto-entre-bolivia-y-japon\/","title":{"rendered":"PRESENTATION OF A JOINT PROJECT BETWEEN BOLIVIA AND JAPAN"},"content":{"rendered":"<div data-elementor-type=\"wp-post\" data-elementor-id=\"2567\" class=\"elementor elementor-2567\">\n\t\t\t\t\t\t<section class=\"elementor-section elementor-top-section elementor-element elementor-element-4ee92c0 elementor-section-boxed elementor-section-height-default elementor-section-height-default\" data-id=\"4ee92c0\" data-element_type=\"section\" data-e-type=\"section\">\n\t\t\t\t\t\t<div class=\"elementor-container elementor-column-gap-default\">\n\t\t\t\t\t<div class=\"elementor-column elementor-col-100 elementor-top-column elementor-element elementor-element-49c16c7\" data-id=\"49c16c7\" data-element_type=\"column\" data-e-type=\"column\">\n\t\t\t<div class=\"elementor-widget-wrap elementor-element-populated\">\n\t\t\t\t\t\t<div class=\"elementor-element elementor-element-b53eed6 elementor-widget elementor-widget-heading\" data-id=\"b53eed6\" data-element_type=\"widget\" data-e-type=\"widget\" data-widget_type=\"heading.default\">\n\t\t\t\t<div class=\"elementor-widget-container\">\n\t\t\t\t\t<h2 class=\"elementor-heading-title elementor-size-default\">PRESENTATION OF A JOINT PROJECT BETWEEN BOLIVIA AND JAPAN<\/h2>\t\t\t\t<\/div>\n\t\t\t\t<\/div>\n\t\t\t\t\t<\/div>\n\t\t<\/div>\n\t\t\t\t\t<\/div>\n\t\t<\/section>\n\t\t\t\t<section class=\"elementor-section elementor-top-section elementor-element elementor-element-f8b82f7 elementor-section-boxed elementor-section-height-default elementor-section-height-default\" data-id=\"f8b82f7\" data-element_type=\"section\" data-e-type=\"section\">\n\t\t\t\t\t\t<div class=\"elementor-container elementor-column-gap-default\">\n\t\t\t\t\t<div class=\"elementor-column elementor-col-100 elementor-top-column elementor-element elementor-element-eb3a9f4\" data-id=\"eb3a9f4\" data-element_type=\"column\" data-e-type=\"column\">\n\t\t\t<div class=\"elementor-widget-wrap elementor-element-populated\">\n\t\t\t\t\t\t<div class=\"elementor-element elementor-element-7204d0d elementor-widget elementor-widget-text-editor\" data-id=\"7204d0d\" data-element_type=\"widget\" data-e-type=\"widget\" data-widget_type=\"text-editor.default\">\n\t\t\t\t<div class=\"elementor-widget-container\">\n\t\t\t\t\t\t\t\t\t<p><em>Two countries are pooling their knowledge and working to combat climate change by strengthening the resilience and sustainability of the agroecosystems of the Bolivian highlands.<\/em><\/p>\t\t\t\t\t\t\t\t<\/div>\n\t\t\t\t<\/div>\n\t\t\t\t\t<\/div>\n\t\t<\/div>\n\t\t\t\t\t<\/div>\n\t\t<\/section>\n\t\t\t\t<section class=\"elementor-section elementor-top-section elementor-element elementor-element-1ed9955 elementor-section-boxed elementor-section-height-default elementor-section-height-default\" data-id=\"1ed9955\" data-element_type=\"section\" data-e-type=\"section\">\n\t\t\t\t\t\t<div class=\"elementor-container elementor-column-gap-default\">\n\t\t\t\t\t<div class=\"elementor-column elementor-col-100 elementor-top-column elementor-element elementor-element-8de13bc\" data-id=\"8de13bc\" data-element_type=\"column\" data-e-type=\"column\">\n\t\t\t<div class=\"elementor-widget-wrap elementor-element-populated\">\n\t\t\t\t\t\t<div class=\"elementor-element elementor-element-badbb45 elementor-widget elementor-widget-text-editor\" data-id=\"badbb45\" data-element_type=\"widget\" data-e-type=\"widget\" data-widget_type=\"text-editor.default\">\n\t\t\t\t<div class=\"elementor-widget-container\">\n\t\t\t\t\t\t\t\t\t<p>On November 18, 2021, the official launch of the project took place <strong>&quot;Strengthening the resilience of arid agroecosystems vulnerable to climate change, through research on plant resources and technological applications&quot;<\/strong>, a work focused on the cultivation of quinoa, which will be led by Bolivian and Japanese researchers who belong to internationally recognized institutions and universities.<\/p>\t\t\t\t\t\t\t\t<\/div>\n\t\t\t\t<\/div>\n\t\t\t\t\t<\/div>\n\t\t<\/div>\n\t\t\t\t\t<\/div>\n\t\t<\/section>\n\t\t\t\t<section class=\"elementor-section elementor-top-section elementor-element elementor-element-8631316 elementor-section-boxed elementor-section-height-default elementor-section-height-default\" data-id=\"8631316\" data-element_type=\"section\" data-e-type=\"section\">\n\t\t\t\t\t\t<div class=\"elementor-container elementor-column-gap-default\">\n\t\t\t\t\t<div class=\"elementor-column elementor-col-100 elementor-top-column elementor-element elementor-element-212b123\" data-id=\"212b123\" data-element_type=\"column\" data-e-type=\"column\">\n\t\t\t<div class=\"elementor-widget-wrap elementor-element-populated\">\n\t\t\t\t\t\t<div class=\"elementor-element elementor-element-796c09b elementor-widget elementor-widget-image\" data-id=\"796c09b\" data-element_type=\"widget\" data-e-type=\"widget\" data-widget_type=\"image.default\">\n\t\t\t\t<div class=\"elementor-widget-container\">\n\t\t\t\t\t\t\t\t\t\t\t\t\t\t\t<img fetchpriority=\"high\" decoding=\"async\" width=\"1024\" height=\"286\" src=\"https:\/\/www.proinpa.org\/web\/wp-content\/uploads\/2021\/11\/Jica-1024x286.jpg\" class=\"attachment-large size-large wp-image-2569\" alt=\"\" srcset=\"https:\/\/www.proinpa.org\/web\/wp-content\/uploads\/2021\/11\/Jica-1024x286.jpg 1024w, https:\/\/www.proinpa.org\/web\/wp-content\/uploads\/2021\/11\/Jica-300x84.jpg 300w, https:\/\/www.proinpa.org\/web\/wp-content\/uploads\/2021\/11\/Jica-768x214.jpg 768w, https:\/\/www.proinpa.org\/web\/wp-content\/uploads\/2021\/11\/Jica-720x201.jpg 720w, https:\/\/www.proinpa.org\/web\/wp-content\/uploads\/2021\/11\/Jica.jpg 1251w\" sizes=\"(max-width: 1024px) 100vw, 1024px\" \/>\t\t\t\t\t\t\t\t\t\t\t\t\t\t\t<\/div>\n\t\t\t\t<\/div>\n\t\t\t\t\t<\/div>\n\t\t<\/div>\n\t\t\t\t\t<\/div>\n\t\t<\/section>\n\t\t\t\t<section class=\"elementor-section elementor-top-section elementor-element elementor-element-a03761d elementor-section-boxed elementor-section-height-default elementor-section-height-default\" data-id=\"a03761d\" data-element_type=\"section\" data-e-type=\"section\">\n\t\t\t\t\t\t<div class=\"elementor-container elementor-column-gap-default\">\n\t\t\t\t\t<div class=\"elementor-column elementor-col-100 elementor-top-column elementor-element elementor-element-606a5c6\" data-id=\"606a5c6\" data-element_type=\"column\" data-e-type=\"column\">\n\t\t\t<div class=\"elementor-widget-wrap elementor-element-populated\">\n\t\t\t\t\t\t<div class=\"elementor-element elementor-element-507c352 elementor-widget elementor-widget-text-editor\" data-id=\"507c352\" data-element_type=\"widget\" data-e-type=\"widget\" data-widget_type=\"text-editor.default\">\n\t\t\t\t<div class=\"elementor-widget-container\">\n\t\t\t\t\t\t\t\t\t<p>The project, which began in June 2021, has a duration of 5 years and seeks to comprehensively and sustainably manage biological and environmental resources in life systems and is framed within the &quot;2030 Agenda for Sustainable Development&quot;, contributing to compliance of objective 15 and goal 3 where countries are urged to fight against desertification, rehabilitate degraded lands and soils, a situation that describes the current state of the highlands. Bolivia is a signatory to the Framework Convention to Combat Desertification (UNFCLD), therefore, in response to these international commitments, it has formulated its own NDT-2030 Plan.<\/p><p>The elite team of researchers participating in this project represents institutions such as: the Japan International Research Center for Agricultural Sciences (JIRCAS), Kyoto University, Tokyo University of Agriculture and Technology, the University of Obihiro Agriculture and Veterinary Medicine, the Universidad Mayor de San Andr\u00e9s (UMSA), the Foundation for the Promotion and Research of Andean Products (PROINPA), the Japan International Cooperation Agency (JICA), the Japan Science and Technology Agency (JST ), the Embassy of Japan in Bolivia, the Bolivian Ministry of Environment and Water (MMAyA) and the Bolivian Ministry of Development Planning (VIPFE: MPD).<\/p><p>It is intended, with the collaboration of Japanese institutions, to equip laboratories and research centers in Bolivia and train human resources that promote greater technical-scientific development of the country. Joint research will generate valuable knowledge for subsequent applications for the benefit of producers and the conservation of resources in the highlands. <\/p>\t\t\t\t\t\t\t\t<\/div>\n\t\t\t\t<\/div>\n\t\t\t\t\t<\/div>\n\t\t<\/div>\n\t\t\t\t\t<\/div>\n\t\t<\/section>\n\t\t\t\t<section class=\"elementor-section elementor-top-section elementor-element elementor-element-e571dac elementor-section-boxed elementor-section-height-default elementor-section-height-default\" data-id=\"e571dac\" data-element_type=\"section\" data-e-type=\"section\">\n\t\t\t\t\t\t<div class=\"elementor-container elementor-column-gap-default\">\n\t\t\t\t\t<div class=\"elementor-column elementor-col-100 elementor-top-column elementor-element elementor-element-148e53f\" data-id=\"148e53f\" data-element_type=\"column\" data-e-type=\"column\">\n\t\t\t<div class=\"elementor-widget-wrap elementor-element-populated\">\n\t\t\t\t\t\t<div class=\"elementor-element elementor-element-1fb84ea elementor-widget elementor-widget-heading\" data-id=\"1fb84ea\" data-element_type=\"widget\" data-e-type=\"widget\" data-widget_type=\"heading.default\">\n\t\t\t\t<div class=\"elementor-widget-container\">\n\t\t\t\t\t<h3 class=\"elementor-heading-title elementor-size-default\">Some impressions of the exhibitors: <\/h3>\t\t\t\t<\/div>\n\t\t\t\t<\/div>\n\t\t\t\t\t<\/div>\n\t\t<\/div>\n\t\t\t\t\t<\/div>\n\t\t<\/section>\n\t\t\t\t<section class=\"elementor-section elementor-top-section elementor-element elementor-element-740f168 elementor-section-boxed elementor-section-height-default elementor-section-height-default\" data-id=\"740f168\" data-element_type=\"section\" data-e-type=\"section\">\n\t\t\t\t\t\t<div class=\"elementor-container elementor-column-gap-default\">\n\t\t\t\t\t<div class=\"elementor-column elementor-col-100 elementor-top-column elementor-element elementor-element-ae22ff1\" data-id=\"ae22ff1\" data-element_type=\"column\" data-e-type=\"column\">\n\t\t\t<div class=\"elementor-widget-wrap elementor-element-populated\">\n\t\t\t\t\t\t<section class=\"elementor-section elementor-inner-section elementor-element elementor-element-e1c1da7 elementor-section-boxed elementor-section-height-default elementor-section-height-default\" data-id=\"e1c1da7\" data-element_type=\"section\" data-e-type=\"section\">\n\t\t\t\t\t\t<div class=\"elementor-container elementor-column-gap-default\">\n\t\t\t\t\t<div class=\"elementor-column elementor-col-50 elementor-inner-column elementor-element elementor-element-cbbe030\" data-id=\"cbbe030\" data-element_type=\"column\" data-e-type=\"column\">\n\t\t\t<div class=\"elementor-widget-wrap elementor-element-populated\">\n\t\t\t\t\t\t<div class=\"elementor-element elementor-element-9896efb elementor-widget elementor-widget-text-editor\" data-id=\"9896efb\" data-element_type=\"widget\" data-e-type=\"widget\" data-widget_type=\"text-editor.default\">\n\t\t\t\t<div class=\"elementor-widget-container\">\n\t\t\t\t\t\t\t\t\t<p>&quot;The complementarity of disciplines and capacities (between researchers from Bolivia and Japan) makes us think that we will be able to meet the expectations of this project&quot; Dr. Yasunari FUJITA (Japan Project Leader, JIRCAS)<\/p>\t\t\t\t\t\t\t\t<\/div>\n\t\t\t\t<\/div>\n\t\t\t\t\t<\/div>\n\t\t<\/div>\n\t\t\t\t<div class=\"elementor-column elementor-col-50 elementor-inner-column elementor-element elementor-element-d4b88ff\" data-id=\"d4b88ff\" data-element_type=\"column\" data-e-type=\"column\">\n\t\t\t<div class=\"elementor-widget-wrap elementor-element-populated\">\n\t\t\t\t\t\t<div class=\"elementor-element elementor-element-3ad2842 elementor-widget elementor-widget-image\" data-id=\"3ad2842\" data-element_type=\"widget\" data-e-type=\"widget\" data-widget_type=\"image.default\">\n\t\t\t\t<div class=\"elementor-widget-container\">\n\t\t\t\t\t\t\t\t\t\t\t\t\t\t\t<img decoding=\"async\" width=\"253\" height=\"140\" src=\"https:\/\/www.proinpa.org\/web\/wp-content\/uploads\/2021\/11\/Yasumari.jpg\" class=\"attachment-large size-large wp-image-2571\" alt=\"\" \/>\t\t\t\t\t\t\t\t\t\t\t\t\t\t\t<\/div>\n\t\t\t\t<\/div>\n\t\t\t\t\t<\/div>\n\t\t<\/div>\n\t\t\t\t\t<\/div>\n\t\t<\/section>\n\t\t\t\t<section class=\"elementor-section elementor-inner-section elementor-element elementor-element-d900666 elementor-section-boxed elementor-section-height-default elementor-section-height-default\" data-id=\"d900666\" data-element_type=\"section\" data-e-type=\"section\">\n\t\t\t\t\t\t<div class=\"elementor-container elementor-column-gap-default\">\n\t\t\t\t\t<div class=\"elementor-column elementor-col-50 elementor-inner-column elementor-element elementor-element-770afd2\" data-id=\"770afd2\" data-element_type=\"column\" data-e-type=\"column\">\n\t\t\t<div class=\"elementor-widget-wrap elementor-element-populated\">\n\t\t\t\t\t\t<div class=\"elementor-element elementor-element-68d0772 elementor-widget elementor-widget-image\" data-id=\"68d0772\" data-element_type=\"widget\" data-e-type=\"widget\" data-widget_type=\"image.default\">\n\t\t\t\t<div class=\"elementor-widget-container\">\n\t\t\t\t\t\t\t\t\t\t\t\t\t\t\t<img decoding=\"async\" width=\"261\" height=\"156\" src=\"https:\/\/www.proinpa.org\/web\/wp-content\/uploads\/2021\/11\/Motegi.jpg\" class=\"attachment-large size-large wp-image-2572\" alt=\"\" \/>\t\t\t\t\t\t\t\t\t\t\t\t\t\t\t<\/div>\n\t\t\t\t<\/div>\n\t\t\t\t\t<\/div>\n\t\t<\/div>\n\t\t\t\t<div class=\"elementor-column elementor-col-50 elementor-inner-column elementor-element elementor-element-b50b303\" data-id=\"b50b303\" data-element_type=\"column\" data-e-type=\"column\">\n\t\t\t<div class=\"elementor-widget-wrap elementor-element-populated\">\n\t\t\t\t\t\t<div class=\"elementor-element elementor-element-2c0fddc elementor-widget elementor-widget-text-editor\" data-id=\"2c0fddc\" data-element_type=\"widget\" data-e-type=\"widget\" data-widget_type=\"text-editor.default\">\n\t\t\t\t<div class=\"elementor-widget-container\">\n\t\t\t\t\t\t\t\t\t<p>\u201cThe Japanese universities that participate in this project are of great prestige, I hope that the research is successful and can help combat the effects of climate change and help solve food safety problems\u2026. I am very happy and excited to start this joint work\u201d Kenji Motegui (First Secretary, Embassy of Japan in Bolivia)<\/p>\t\t\t\t\t\t\t\t<\/div>\n\t\t\t\t<\/div>\n\t\t\t\t\t<\/div>\n\t\t<\/div>\n\t\t\t\t\t<\/div>\n\t\t<\/section>\n\t\t\t\t<section class=\"elementor-section elementor-inner-section elementor-element elementor-element-1f1070d elementor-section-boxed elementor-section-height-default elementor-section-height-default\" data-id=\"1f1070d\" data-element_type=\"section\" data-e-type=\"section\">\n\t\t\t\t\t\t<div class=\"elementor-container elementor-column-gap-default\">\n\t\t\t\t\t<div class=\"elementor-column elementor-col-50 elementor-inner-column elementor-element elementor-element-4b83712\" data-id=\"4b83712\" data-element_type=\"column\" data-e-type=\"column\">\n\t\t\t<div class=\"elementor-widget-wrap elementor-element-populated\">\n\t\t\t\t\t\t<div class=\"elementor-element elementor-element-62c6778 elementor-widget elementor-widget-text-editor\" data-id=\"62c6778\" data-element_type=\"widget\" data-e-type=\"widget\" data-widget_type=\"text-editor.default\">\n\t\t\t\t<div class=\"elementor-widget-container\">\n\t\t\t\t\t\t\t\t\t<p>&quot;For us at UMSA it is an opportunity to reach farmers directly through coordinated work with PROINPA, as well as working with Japanese researchers makes us think that we will produce international quality research&quot; Dr. Giovana Almanza (Leader project Bolivia, UMSA).<\/p>\t\t\t\t\t\t\t\t<\/div>\n\t\t\t\t<\/div>\n\t\t\t\t\t<\/div>\n\t\t<\/div>\n\t\t\t\t<div class=\"elementor-column elementor-col-50 elementor-inner-column elementor-element elementor-element-4aad383\" data-id=\"4aad383\" data-element_type=\"column\" data-e-type=\"column\">\n\t\t\t<div class=\"elementor-widget-wrap elementor-element-populated\">\n\t\t\t\t\t\t<div class=\"elementor-element elementor-element-ae7013c elementor-widget elementor-widget-image\" data-id=\"ae7013c\" data-element_type=\"widget\" data-e-type=\"widget\" data-widget_type=\"image.default\">\n\t\t\t\t<div class=\"elementor-widget-container\">\n\t\t\t\t\t\t\t\t\t\t\t\t\t\t\t<img loading=\"lazy\" decoding=\"async\" width=\"276\" height=\"156\" src=\"https:\/\/www.proinpa.org\/web\/wp-content\/uploads\/2021\/11\/Giovanna.jpg\" class=\"attachment-large size-large wp-image-2573\" alt=\"\" \/>\t\t\t\t\t\t\t\t\t\t\t\t\t\t\t<\/div>\n\t\t\t\t<\/div>\n\t\t\t\t\t<\/div>\n\t\t<\/div>\n\t\t\t\t\t<\/div>\n\t\t<\/section>\n\t\t\t\t<section class=\"elementor-section elementor-inner-section elementor-element elementor-element-784e93a elementor-section-boxed elementor-section-height-default elementor-section-height-default\" data-id=\"784e93a\" data-element_type=\"section\" data-e-type=\"section\">\n\t\t\t\t\t\t<div class=\"elementor-container elementor-column-gap-default\">\n\t\t\t\t\t<div class=\"elementor-column elementor-col-50 elementor-inner-column elementor-element elementor-element-c14510e\" data-id=\"c14510e\" data-element_type=\"column\" data-e-type=\"column\">\n\t\t\t<div class=\"elementor-widget-wrap elementor-element-populated\">\n\t\t\t\t\t\t<div class=\"elementor-element elementor-element-e2437c5 elementor-widget elementor-widget-image\" data-id=\"e2437c5\" data-element_type=\"widget\" data-e-type=\"widget\" data-widget_type=\"image.default\">\n\t\t\t\t<div class=\"elementor-widget-container\">\n\t\t\t\t\t\t\t\t\t\t\t\t\t\t\t<img loading=\"lazy\" decoding=\"async\" width=\"299\" height=\"166\" src=\"https:\/\/www.proinpa.org\/web\/wp-content\/uploads\/2021\/11\/nagamine.jpg\" class=\"attachment-large size-large wp-image-2574\" alt=\"\" \/>\t\t\t\t\t\t\t\t\t\t\t\t\t\t\t<\/div>\n\t\t\t\t<\/div>\n\t\t\t\t\t<\/div>\n\t\t<\/div>\n\t\t\t\t<div class=\"elementor-column elementor-col-50 elementor-inner-column elementor-element elementor-element-1f7f6d4\" data-id=\"1f7f6d4\" data-element_type=\"column\" data-e-type=\"column\">\n\t\t\t<div class=\"elementor-widget-wrap elementor-element-populated\">\n\t\t\t\t\t\t<div class=\"elementor-element elementor-element-af9e69c elementor-widget elementor-widget-text-editor\" data-id=\"af9e69c\" data-element_type=\"widget\" data-e-type=\"widget\" data-widget_type=\"text-editor.default\">\n\t\t\t\t<div class=\"elementor-widget-container\">\n\t\t\t\t\t\t\t\t\t<p>&quot;It is important to be able to create mutual understanding and collaboration between both countries to contribute to the goals of sustainable development... I really believe that this research will contribute to improving the cultivation and income of Bolivians&quot; Dr. Tsukasa NAGAMINE (Program Officer, JST).<\/p>\t\t\t\t\t\t\t\t<\/div>\n\t\t\t\t<\/div>\n\t\t\t\t\t<\/div>\n\t\t<\/div>\n\t\t\t\t\t<\/div>\n\t\t<\/section>\n\t\t\t\t<section class=\"elementor-section elementor-inner-section elementor-element elementor-element-8c52391 elementor-section-boxed elementor-section-height-default elementor-section-height-default\" data-id=\"8c52391\" data-element_type=\"section\" data-e-type=\"section\">\n\t\t\t\t\t\t<div class=\"elementor-container elementor-column-gap-default\">\n\t\t\t\t\t<div class=\"elementor-column elementor-col-50 elementor-inner-column elementor-element elementor-element-a53ab46\" data-id=\"a53ab46\" data-element_type=\"column\" data-e-type=\"column\">\n\t\t\t<div class=\"elementor-widget-wrap elementor-element-populated\">\n\t\t\t\t\t\t<div class=\"elementor-element elementor-element-8b31f78 elementor-widget elementor-widget-text-editor\" data-id=\"8b31f78\" data-element_type=\"widget\" data-e-type=\"widget\" data-widget_type=\"text-editor.default\">\n\t\t\t\t<div class=\"elementor-widget-container\">\n\t\t\t\t\t\t\t\t\t<p>&quot;We want to emphasize the socialization of the work that DIPGIS - UMSA does in Bolivia, it is necessary to show the results of the research and that it serve as a basis for the development of our country.&quot; Dr. Mauro Costantino UMSA<\/p>\t\t\t\t\t\t\t\t<\/div>\n\t\t\t\t<\/div>\n\t\t\t\t\t<\/div>\n\t\t<\/div>\n\t\t\t\t<div class=\"elementor-column elementor-col-50 elementor-inner-column elementor-element elementor-element-e53b659\" data-id=\"e53b659\" data-element_type=\"column\" data-e-type=\"column\">\n\t\t\t<div class=\"elementor-widget-wrap elementor-element-populated\">\n\t\t\t\t\t\t<div class=\"elementor-element elementor-element-e6f3d98 elementor-widget elementor-widget-image\" data-id=\"e6f3d98\" data-element_type=\"widget\" data-e-type=\"widget\" data-widget_type=\"image.default\">\n\t\t\t\t<div class=\"elementor-widget-container\">\n\t\t\t\t\t\t\t\t\t\t\t\t\t\t\t<img loading=\"lazy\" decoding=\"async\" width=\"257\" height=\"161\" src=\"https:\/\/www.proinpa.org\/web\/wp-content\/uploads\/2021\/11\/mauro.jpg\" class=\"attachment-large size-large wp-image-2575\" alt=\"\" \/>\t\t\t\t\t\t\t\t\t\t\t\t\t\t\t<\/div>\n\t\t\t\t<\/div>\n\t\t\t\t\t<\/div>\n\t\t<\/div>\n\t\t\t\t\t<\/div>\n\t\t<\/section>\n\t\t\t\t<section class=\"elementor-section elementor-inner-section elementor-element elementor-element-f8f607b elementor-section-boxed elementor-section-height-default elementor-section-height-default\" data-id=\"f8f607b\" data-element_type=\"section\" data-e-type=\"section\">\n\t\t\t\t\t\t<div class=\"elementor-container elementor-column-gap-default\">\n\t\t\t\t\t<div class=\"elementor-column elementor-col-50 elementor-inner-column elementor-element elementor-element-8f2f096\" data-id=\"8f2f096\" data-element_type=\"column\" data-e-type=\"column\">\n\t\t\t<div class=\"elementor-widget-wrap elementor-element-populated\">\n\t\t\t\t\t\t<div class=\"elementor-element elementor-element-13c5c6f elementor-widget elementor-widget-image\" data-id=\"13c5c6f\" data-element_type=\"widget\" data-e-type=\"widget\" data-widget_type=\"image.default\">\n\t\t\t\t<div class=\"elementor-widget-container\">\n\t\t\t\t\t\t\t\t\t\t\t\t\t\t\t<img loading=\"lazy\" decoding=\"async\" width=\"267\" height=\"156\" src=\"https:\/\/www.proinpa.org\/web\/wp-content\/uploads\/2021\/11\/rolando.jpg\" class=\"attachment-large size-large wp-image-2576\" alt=\"\" \/>\t\t\t\t\t\t\t\t\t\t\t\t\t\t\t<\/div>\n\t\t\t\t<\/div>\n\t\t\t\t\t<\/div>\n\t\t<\/div>\n\t\t\t\t<div class=\"elementor-column elementor-col-50 elementor-inner-column elementor-element elementor-element-0dfcb0f\" data-id=\"0dfcb0f\" data-element_type=\"column\" data-e-type=\"column\">\n\t\t\t<div class=\"elementor-widget-wrap elementor-element-populated\">\n\t\t\t\t\t\t<div class=\"elementor-element elementor-element-4ca9ef7 elementor-widget elementor-widget-text-editor\" data-id=\"4ca9ef7\" data-element_type=\"widget\" data-e-type=\"widget\" data-widget_type=\"text-editor.default\">\n\t\t\t\t<div class=\"elementor-widget-container\">\n\t\t\t\t\t\t\t\t\t<p>\u201cPROINPA will base the results of research carried out for more than 20 years, we have a close relationship with communities and farmers and we are innovating with technologies based on the diversity of microorganisms and the diversity of native and cultivated species. We want to put all the knowledge on the table, share it and complement it together with Japanese researchers and Bolivian colleagues\u201d. Rolando Oros (General Manager of the PROINPA Foundation).<\/p>\t\t\t\t\t\t\t\t<\/div>\n\t\t\t\t<\/div>\n\t\t\t\t\t<\/div>\n\t\t<\/div>\n\t\t\t\t\t<\/div>\n\t\t<\/section>\n\t\t\t\t\t<\/div>\n\t\t<\/div>\n\t\t\t\t\t<\/div>\n\t\t<\/section>\n\t\t\t\t<\/div>","protected":false},"excerpt":{"rendered":"<p>PRESENTATION OF A JOINT PROJECT BETWEEN BOLIVIA AND JAPAN. Two countries are pooling their expertise and working to combat climate change by strengthening the resilience and sustainability of agroecosystems in the Bolivian Altiplano. The official launch of the project &quot;Strengthening the Resilience of Agroecosystems in the Bolivian Altiplano&quot; took place on November 18, 2021.&nbsp;<a href=\"https:\/\/www.proinpa.org\/web\/en\/presentacion-de-proyecto-conjunto-entre-bolivia-y-japon\/\" rel=\"bookmark\">Read More \u00bb<span class=\"screen-reader-text\">PRESENTATION OF A JOINT PROJECT BETWEEN BOLIVIA AND JAPAN<\/span><\/a><\/p>","protected":false},"author":4,"featured_media":2569,"comment_status":"open","ping_status":"open","sticky":false,"template":"elementor_header_footer","format":"standard","meta":{"neve_meta_sidebar":"","neve_meta_container":"","neve_meta_enable_content_width":"","neve_meta_content_width":0,"neve_meta_title_alignment":"","neve_meta_author_avatar":"","neve_post_elements_order":"","neve_meta_disable_header":"","neve_meta_disable_footer":"","neve_meta_disable_title":"","footnotes":""},"categories":[26],"tags":[],"class_list":["post-2567","post","type-post","status-publish","format-standard","has-post-thumbnail","hentry","category-noticias"],"yoast_head":"<!-- This site is optimized with the Yoast SEO plugin v27.4 - https:\/\/yoast.com\/product\/yoast-seo-wordpress\/ -->\n<title>PRESENTACI\u00d3N DE PROYECTO CONJUNTO ENTRE BOLIVIA Y JAP\u00d3N - Fundaci\u00f3n PROINPA<\/title>\n<meta name=\"robots\" content=\"index, follow, max-snippet:-1, max-image-preview:large, max-video-preview:-1\" \/>\n<link rel=\"canonical\" href=\"https:\/\/www.proinpa.org\/web\/en\/presentacion-de-proyecto-conjunto-entre-bolivia-y-japon\/\" \/>\n<meta property=\"og:locale\" content=\"en_US\" \/>\n<meta property=\"og:type\" content=\"article\" \/>\n<meta property=\"og:title\" content=\"PRESENTACI\u00d3N DE PROYECTO CONJUNTO ENTRE BOLIVIA Y JAP\u00d3N - Fundaci\u00f3n PROINPA\" \/>\n<meta property=\"og:description\" content=\"PRESENTACI\u00d3N DE PROYECTO CONJUNTO ENTRE BOLIVIA Y JAP\u00d3N Dos pa\u00edses est\u00e1n uniendo sus conocimientos y trabajan para combatir el cambio clim\u00e1tico a trav\u00e9s del fortalecimiento de la resiliencia y sostenibilidad de los agroecosistemas del altiplano boliviano. El 18 de noviembre de 2021 se realiz\u00f3 el lanzamiento oficial del proyecto \u201cFortalecimiento de la resiliencia de agroecosistemas&hellip;&nbsp;Read More &raquo;PRESENTACI\u00d3N DE PROYECTO CONJUNTO ENTRE BOLIVIA Y JAP\u00d3N\" \/>\n<meta property=\"og:url\" content=\"https:\/\/www.proinpa.org\/web\/en\/presentacion-de-proyecto-conjunto-entre-bolivia-y-japon\/\" \/>\n<meta property=\"og:site_name\" content=\"Fundaci\u00f3n PROINPA\" \/>\n<meta property=\"article:publisher\" content=\"https:\/\/www.facebook.com\/PROINPA\/\" \/>\n<meta property=\"article:published_time\" content=\"2021-11-24T13:17:07+00:00\" \/>\n<meta property=\"article:modified_time\" content=\"2021-11-24T13:59:38+00:00\" \/>\n<meta property=\"og:image\" content=\"https:\/\/www.proinpa.org\/web\/wp-content\/uploads\/2021\/11\/Jica.jpg\" \/>\n\t<meta property=\"og:image:width\" content=\"1251\" \/>\n\t<meta property=\"og:image:height\" content=\"349\" \/>\n\t<meta property=\"og:image:type\" content=\"image\/jpeg\" \/>\n<meta name=\"author\" content=\"admin\" \/>\n<meta name=\"twitter:card\" content=\"summary_large_image\" \/>\n<meta name=\"twitter:label1\" content=\"Written by\" \/>\n\t<meta name=\"twitter:data1\" content=\"admin\" \/>\n\t<meta name=\"twitter:label2\" content=\"Est. reading time\" \/>\n\t<meta name=\"twitter:data2\" content=\"5 minutes\" \/>\n<script type=\"application\/ld+json\" class=\"yoast-schema-graph\">{\"@context\":\"https:\\\/\\\/schema.org\",\"@graph\":[{\"@type\":\"Article\",\"@id\":\"https:\\\/\\\/www.proinpa.org\\\/web\\\/presentacion-de-proyecto-conjunto-entre-bolivia-y-japon\\\/#article\",\"isPartOf\":{\"@id\":\"https:\\\/\\\/www.proinpa.org\\\/web\\\/presentacion-de-proyecto-conjunto-entre-bolivia-y-japon\\\/\"},\"author\":{\"name\":\"admin\",\"@id\":\"https:\\\/\\\/www.proinpa.org\\\/web\\\/#\\\/schema\\\/person\\\/45c061441ecf3345210362bf2e3b9bf3\"},\"headline\":\"PRESENTACI\u00d3N DE PROYECTO CONJUNTO ENTRE BOLIVIA Y JAP\u00d3N\",\"datePublished\":\"2021-11-24T13:17:07+00:00\",\"dateModified\":\"2021-11-24T13:59:38+00:00\",\"mainEntityOfPage\":{\"@id\":\"https:\\\/\\\/www.proinpa.org\\\/web\\\/presentacion-de-proyecto-conjunto-entre-bolivia-y-japon\\\/\"},\"wordCount\":735,\"commentCount\":0,\"publisher\":{\"@id\":\"https:\\\/\\\/www.proinpa.org\\\/web\\\/#organization\"},\"image\":{\"@id\":\"https:\\\/\\\/www.proinpa.org\\\/web\\\/presentacion-de-proyecto-conjunto-entre-bolivia-y-japon\\\/#primaryimage\"},\"thumbnailUrl\":\"https:\\\/\\\/www.proinpa.org\\\/web\\\/wp-content\\\/uploads\\\/2021\\\/11\\\/Jica.jpg\",\"articleSection\":[\"Noticias\"],\"inLanguage\":\"en-US\",\"potentialAction\":[{\"@type\":\"CommentAction\",\"name\":\"Comment\",\"target\":[\"https:\\\/\\\/www.proinpa.org\\\/web\\\/presentacion-de-proyecto-conjunto-entre-bolivia-y-japon\\\/#respond\"]}]},{\"@type\":\"WebPage\",\"@id\":\"https:\\\/\\\/www.proinpa.org\\\/web\\\/presentacion-de-proyecto-conjunto-entre-bolivia-y-japon\\\/\",\"url\":\"https:\\\/\\\/www.proinpa.org\\\/web\\\/presentacion-de-proyecto-conjunto-entre-bolivia-y-japon\\\/\",\"name\":\"PRESENTACI\u00d3N DE PROYECTO CONJUNTO ENTRE BOLIVIA Y JAP\u00d3N - Fundaci\u00f3n PROINPA\",\"isPartOf\":{\"@id\":\"https:\\\/\\\/www.proinpa.org\\\/web\\\/#website\"},\"primaryImageOfPage\":{\"@id\":\"https:\\\/\\\/www.proinpa.org\\\/web\\\/presentacion-de-proyecto-conjunto-entre-bolivia-y-japon\\\/#primaryimage\"},\"image\":{\"@id\":\"https:\\\/\\\/www.proinpa.org\\\/web\\\/presentacion-de-proyecto-conjunto-entre-bolivia-y-japon\\\/#primaryimage\"},\"thumbnailUrl\":\"https:\\\/\\\/www.proinpa.org\\\/web\\\/wp-content\\\/uploads\\\/2021\\\/11\\\/Jica.jpg\",\"datePublished\":\"2021-11-24T13:17:07+00:00\",\"dateModified\":\"2021-11-24T13:59:38+00:00\",\"breadcrumb\":{\"@id\":\"https:\\\/\\\/www.proinpa.org\\\/web\\\/presentacion-de-proyecto-conjunto-entre-bolivia-y-japon\\\/#breadcrumb\"},\"inLanguage\":\"en-US\",\"potentialAction\":[{\"@type\":\"ReadAction\",\"target\":[\"https:\\\/\\\/www.proinpa.org\\\/web\\\/presentacion-de-proyecto-conjunto-entre-bolivia-y-japon\\\/\"]}]},{\"@type\":\"ImageObject\",\"inLanguage\":\"en-US\",\"@id\":\"https:\\\/\\\/www.proinpa.org\\\/web\\\/presentacion-de-proyecto-conjunto-entre-bolivia-y-japon\\\/#primaryimage\",\"url\":\"https:\\\/\\\/www.proinpa.org\\\/web\\\/wp-content\\\/uploads\\\/2021\\\/11\\\/Jica.jpg\",\"contentUrl\":\"https:\\\/\\\/www.proinpa.org\\\/web\\\/wp-content\\\/uploads\\\/2021\\\/11\\\/Jica.jpg\",\"width\":1251,\"height\":349},{\"@type\":\"BreadcrumbList\",\"@id\":\"https:\\\/\\\/www.proinpa.org\\\/web\\\/presentacion-de-proyecto-conjunto-entre-bolivia-y-japon\\\/#breadcrumb\",\"itemListElement\":[{\"@type\":\"ListItem\",\"position\":1,\"name\":\"Portada\",\"item\":\"https:\\\/\\\/www.proinpa.org\\\/web\\\/\"},{\"@type\":\"ListItem\",\"position\":2,\"name\":\"PRESENTACI\u00d3N DE PROYECTO CONJUNTO ENTRE BOLIVIA Y JAP\u00d3N\"}]},{\"@type\":\"WebSite\",\"@id\":\"https:\\\/\\\/www.proinpa.org\\\/web\\\/#website\",\"url\":\"https:\\\/\\\/www.proinpa.org\\\/web\\\/\",\"name\":\"Fundaci\u00f3n PROINPA\",\"description\":\"Fundaci\u00f3n para la Promoci\u00f3n e Investigaci\u00f3n de Productos Andinos\",\"publisher\":{\"@id\":\"https:\\\/\\\/www.proinpa.org\\\/web\\\/#organization\"},\"potentialAction\":[{\"@type\":\"SearchAction\",\"target\":{\"@type\":\"EntryPoint\",\"urlTemplate\":\"https:\\\/\\\/www.proinpa.org\\\/web\\\/?s={search_term_string}\"},\"query-input\":{\"@type\":\"PropertyValueSpecification\",\"valueRequired\":true,\"valueName\":\"search_term_string\"}}],\"inLanguage\":\"en-US\"},{\"@type\":\"Organization\",\"@id\":\"https:\\\/\\\/www.proinpa.org\\\/web\\\/#organization\",\"name\":\"Fundaci\u00f3n Proinpa\",\"url\":\"https:\\\/\\\/www.proinpa.org\\\/web\\\/\",\"logo\":{\"@type\":\"ImageObject\",\"inLanguage\":\"en-US\",\"@id\":\"https:\\\/\\\/www.proinpa.org\\\/web\\\/#\\\/schema\\\/logo\\\/image\\\/\",\"url\":\"https:\\\/\\\/www.proinpa.org\\\/web\\\/wp-content\\\/uploads\\\/2019\\\/09\\\/logo_proinpa2.png\",\"contentUrl\":\"https:\\\/\\\/www.proinpa.org\\\/web\\\/wp-content\\\/uploads\\\/2019\\\/09\\\/logo_proinpa2.png\",\"width\":110,\"height\":85,\"caption\":\"Fundaci\u00f3n Proinpa\"},\"image\":{\"@id\":\"https:\\\/\\\/www.proinpa.org\\\/web\\\/#\\\/schema\\\/logo\\\/image\\\/\"},\"sameAs\":[\"https:\\\/\\\/www.facebook.com\\\/PROINPA\\\/\",\"https:\\\/\\\/www.youtube.com\\\/user\\\/FundacionPROINPA\"]},{\"@type\":\"Person\",\"@id\":\"https:\\\/\\\/www.proinpa.org\\\/web\\\/#\\\/schema\\\/person\\\/45c061441ecf3345210362bf2e3b9bf3\",\"name\":\"admin\",\"image\":{\"@type\":\"ImageObject\",\"inLanguage\":\"en-US\",\"@id\":\"https:\\\/\\\/secure.gravatar.com\\\/avatar\\\/31a7b56cca0f00bd1b14ed9dff837ca4ebd2af0a1b8e0cd993e6e798ab17104b?s=96&d=mm&r=g\",\"url\":\"https:\\\/\\\/secure.gravatar.com\\\/avatar\\\/31a7b56cca0f00bd1b14ed9dff837ca4ebd2af0a1b8e0cd993e6e798ab17104b?s=96&d=mm&r=g\",\"contentUrl\":\"https:\\\/\\\/secure.gravatar.com\\\/avatar\\\/31a7b56cca0f00bd1b14ed9dff837ca4ebd2af0a1b8e0cd993e6e798ab17104b?s=96&d=mm&r=g\",\"caption\":\"admin\"},\"url\":\"https:\\\/\\\/www.proinpa.org\\\/web\\\/en\\\/author\\\/admin\\\/\"}]}<\/script>\n<!-- \/ Yoast SEO plugin. -->","yoast_head_json":{"title":"Presentation of a joint project between Bolivia and Japan - PROINPA Foundation","robots":{"index":"index","follow":"follow","max-snippet":"max-snippet:-1","max-image-preview":"max-image-preview:large","max-video-preview":"max-video-preview:-1"},"canonical":"https:\/\/www.proinpa.org\/web\/en\/presentacion-de-proyecto-conjunto-entre-bolivia-y-japon\/","og_locale":"en_US","og_type":"article","og_title":"PRESENTACI\u00d3N DE PROYECTO CONJUNTO ENTRE BOLIVIA Y JAP\u00d3N - Fundaci\u00f3n PROINPA","og_description":"PRESENTACI\u00d3N DE PROYECTO CONJUNTO ENTRE BOLIVIA Y JAP\u00d3N Dos pa\u00edses est\u00e1n uniendo sus conocimientos y trabajan para combatir el cambio clim\u00e1tico a trav\u00e9s del fortalecimiento de la resiliencia y sostenibilidad de los agroecosistemas del altiplano boliviano. El 18 de noviembre de 2021 se realiz\u00f3 el lanzamiento oficial del proyecto \u201cFortalecimiento de la resiliencia de agroecosistemas&hellip;&nbsp;Read More &raquo;PRESENTACI\u00d3N DE PROYECTO CONJUNTO ENTRE BOLIVIA Y JAP\u00d3N","og_url":"https:\/\/www.proinpa.org\/web\/en\/presentacion-de-proyecto-conjunto-entre-bolivia-y-japon\/","og_site_name":"Fundaci\u00f3n PROINPA","article_publisher":"https:\/\/www.facebook.com\/PROINPA\/","article_published_time":"2021-11-24T13:17:07+00:00","article_modified_time":"2021-11-24T13:59:38+00:00","og_image":[{"width":1251,"height":349,"url":"https:\/\/www.proinpa.org\/web\/wp-content\/uploads\/2021\/11\/Jica.jpg","type":"image\/jpeg"}],"author":"admin","twitter_card":"summary_large_image","twitter_misc":{"Written by":"admin","Est. reading time":"5 minutes"},"schema":{"@context":"https:\/\/schema.org","@graph":[{"@type":"Article","@id":"https:\/\/www.proinpa.org\/web\/presentacion-de-proyecto-conjunto-entre-bolivia-y-japon\/#article","isPartOf":{"@id":"https:\/\/www.proinpa.org\/web\/presentacion-de-proyecto-conjunto-entre-bolivia-y-japon\/"},"author":{"name":"admin","@id":"https:\/\/www.proinpa.org\/web\/#\/schema\/person\/45c061441ecf3345210362bf2e3b9bf3"},"headline":"PRESENTACI\u00d3N DE PROYECTO CONJUNTO ENTRE BOLIVIA Y JAP\u00d3N","datePublished":"2021-11-24T13:17:07+00:00","dateModified":"2021-11-24T13:59:38+00:00","mainEntityOfPage":{"@id":"https:\/\/www.proinpa.org\/web\/presentacion-de-proyecto-conjunto-entre-bolivia-y-japon\/"},"wordCount":735,"commentCount":0,"publisher":{"@id":"https:\/\/www.proinpa.org\/web\/#organization"},"image":{"@id":"https:\/\/www.proinpa.org\/web\/presentacion-de-proyecto-conjunto-entre-bolivia-y-japon\/#primaryimage"},"thumbnailUrl":"https:\/\/www.proinpa.org\/web\/wp-content\/uploads\/2021\/11\/Jica.jpg","articleSection":["Noticias"],"inLanguage":"en-US","potentialAction":[{"@type":"CommentAction","name":"Comment","target":["https:\/\/www.proinpa.org\/web\/presentacion-de-proyecto-conjunto-entre-bolivia-y-japon\/#respond"]}]},{"@type":"WebPage","@id":"https:\/\/www.proinpa.org\/web\/presentacion-de-proyecto-conjunto-entre-bolivia-y-japon\/","url":"https:\/\/www.proinpa.org\/web\/presentacion-de-proyecto-conjunto-entre-bolivia-y-japon\/","name":"Presentation of a joint project between Bolivia and Japan - PROINPA Foundation","isPartOf":{"@id":"https:\/\/www.proinpa.org\/web\/#website"},"primaryImageOfPage":{"@id":"https:\/\/www.proinpa.org\/web\/presentacion-de-proyecto-conjunto-entre-bolivia-y-japon\/#primaryimage"},"image":{"@id":"https:\/\/www.proinpa.org\/web\/presentacion-de-proyecto-conjunto-entre-bolivia-y-japon\/#primaryimage"},"thumbnailUrl":"https:\/\/www.proinpa.org\/web\/wp-content\/uploads\/2021\/11\/Jica.jpg","datePublished":"2021-11-24T13:17:07+00:00","dateModified":"2021-11-24T13:59:38+00:00","breadcrumb":{"@id":"https:\/\/www.proinpa.org\/web\/presentacion-de-proyecto-conjunto-entre-bolivia-y-japon\/#breadcrumb"},"inLanguage":"en-US","potentialAction":[{"@type":"ReadAction","target":["https:\/\/www.proinpa.org\/web\/presentacion-de-proyecto-conjunto-entre-bolivia-y-japon\/"]}]},{"@type":"ImageObject","inLanguage":"en-US","@id":"https:\/\/www.proinpa.org\/web\/presentacion-de-proyecto-conjunto-entre-bolivia-y-japon\/#primaryimage","url":"https:\/\/www.proinpa.org\/web\/wp-content\/uploads\/2021\/11\/Jica.jpg","contentUrl":"https:\/\/www.proinpa.org\/web\/wp-content\/uploads\/2021\/11\/Jica.jpg","width":1251,"height":349},{"@type":"BreadcrumbList","@id":"https:\/\/www.proinpa.org\/web\/presentacion-de-proyecto-conjunto-entre-bolivia-y-japon\/#breadcrumb","itemListElement":[{"@type":"ListItem","position":1,"name":"Portada","item":"https:\/\/www.proinpa.org\/web\/"},{"@type":"ListItem","position":2,"name":"PRESENTACI\u00d3N DE PROYECTO CONJUNTO ENTRE BOLIVIA Y JAP\u00d3N"}]},{"@type":"WebSite","@id":"https:\/\/www.proinpa.org\/web\/#website","url":"https:\/\/www.proinpa.org\/web\/","name":"PROINPA Foundation","description":"Foundation for the Promotion and Research of Andean Products","publisher":{"@id":"https:\/\/www.proinpa.org\/web\/#organization"},"potentialAction":[{"@type":"SearchAction","target":{"@type":"EntryPoint","urlTemplate":"https:\/\/www.proinpa.org\/web\/?s={search_term_string}"},"query-input":{"@type":"PropertyValueSpecification","valueRequired":true,"valueName":"search_term_string"}}],"inLanguage":"en-US"},{"@type":"Organization","@id":"https:\/\/www.proinpa.org\/web\/#organization","name":"Proinpa Foundation","url":"https:\/\/www.proinpa.org\/web\/","logo":{"@type":"ImageObject","inLanguage":"en-US","@id":"https:\/\/www.proinpa.org\/web\/#\/schema\/logo\/image\/","url":"https:\/\/www.proinpa.org\/web\/wp-content\/uploads\/2019\/09\/logo_proinpa2.png","contentUrl":"https:\/\/www.proinpa.org\/web\/wp-content\/uploads\/2019\/09\/logo_proinpa2.png","width":110,"height":85,"caption":"Fundaci\u00f3n Proinpa"},"image":{"@id":"https:\/\/www.proinpa.org\/web\/#\/schema\/logo\/image\/"},"sameAs":["https:\/\/www.facebook.com\/PROINPA\/","https:\/\/www.youtube.com\/user\/FundacionPROINPA"]},{"@type":"Person","@id":"https:\/\/www.proinpa.org\/web\/#\/schema\/person\/45c061441ecf3345210362bf2e3b9bf3","name":"admin","image":{"@type":"ImageObject","inLanguage":"en-US","@id":"https:\/\/secure.gravatar.com\/avatar\/31a7b56cca0f00bd1b14ed9dff837ca4ebd2af0a1b8e0cd993e6e798ab17104b?s=96&d=mm&r=g","url":"https:\/\/secure.gravatar.com\/avatar\/31a7b56cca0f00bd1b14ed9dff837ca4ebd2af0a1b8e0cd993e6e798ab17104b?s=96&d=mm&r=g","contentUrl":"https:\/\/secure.gravatar.com\/avatar\/31a7b56cca0f00bd1b14ed9dff837ca4ebd2af0a1b8e0cd993e6e798ab17104b?s=96&d=mm&r=g","caption":"admin"},"url":"https:\/\/www.proinpa.org\/web\/en\/author\/admin\/"}]}},"_links":{"self":[{"href":"https:\/\/www.proinpa.org\/web\/en\/wp-json\/wp\/v2\/posts\/2567","targetHints":{"allow":["GET"]}}],"collection":[{"href":"https:\/\/www.proinpa.org\/web\/en\/wp-json\/wp\/v2\/posts"}],"about":[{"href":"https:\/\/www.proinpa.org\/web\/en\/wp-json\/wp\/v2\/types\/post"}],"author":[{"embeddable":true,"href":"https:\/\/www.proinpa.org\/web\/en\/wp-json\/wp\/v2\/users\/4"}],"replies":[{"embeddable":true,"href":"https:\/\/www.proinpa.org\/web\/en\/wp-json\/wp\/v2\/comments?post=2567"}],"version-history":[{"count":15,"href":"https:\/\/www.proinpa.org\/web\/en\/wp-json\/wp\/v2\/posts\/2567\/revisions"}],"predecessor-version":[{"id":2591,"href":"https:\/\/www.proinpa.org\/web\/en\/wp-json\/wp\/v2\/posts\/2567\/revisions\/2591"}],"wp:featuredmedia":[{"embeddable":true,"href":"https:\/\/www.proinpa.org\/web\/en\/wp-json\/wp\/v2\/media\/2569"}],"wp:attachment":[{"href":"https:\/\/www.proinpa.org\/web\/en\/wp-json\/wp\/v2\/media?parent=2567"}],"wp:term":[{"taxonomy":"category","embeddable":true,"href":"https:\/\/www.proinpa.org\/web\/en\/wp-json\/wp\/v2\/categories?post=2567"},{"taxonomy":"post_tag","embeddable":true,"href":"https:\/\/www.proinpa.org\/web\/en\/wp-json\/wp\/v2\/tags?post=2567"}],"curies":[{"name":"wp","href":"https:\/\/api.w.org\/{rel}","templated":true}]}}