{"id":5721,"date":"2026-03-10T09:39:48","date_gmt":"2026-03-10T13:39:48","guid":{"rendered":"https:\/\/www.proinpa.org\/web\/?p=5721"},"modified":"2026-04-30T11:30:55","modified_gmt":"2026-04-30T15:30:55","slug":"al-invest-impulsa-el-dia-de-campo-en-uyuni-y-fortalece-la-adopcion-de-practicas-regenerativas-en-la-produccion-de-quinua-real","status":"publish","type":"post","link":"https:\/\/www.proinpa.org\/web\/en\/al-invest-impulsa-el-dia-de-campo-en-uyuni-y-fortalece-la-adopcion-de-practicas-regenerativas-en-la-produccion-de-quinua-real\/","title":{"rendered":"AL-INVEST promotes the field day in Uyuni and strengthens the adoption of regenerative practices in the production of Royal Quinoa"},"content":{"rendered":"<div data-elementor-type=\"wp-post\" data-elementor-id=\"5721\" class=\"elementor elementor-5721\">\n\t\t\t\t\t\t<section class=\"elementor-section elementor-top-section elementor-element elementor-element-d9f4822 elementor-section-boxed elementor-section-height-default elementor-section-height-default\" data-id=\"d9f4822\" data-element_type=\"section\" data-e-type=\"section\">\n\t\t\t\t\t\t<div class=\"elementor-container elementor-column-gap-default\">\n\t\t\t\t\t<div class=\"elementor-column elementor-col-100 elementor-top-column elementor-element elementor-element-3ece661\" data-id=\"3ece661\" data-element_type=\"column\" data-e-type=\"column\">\n\t\t\t<div class=\"elementor-widget-wrap elementor-element-populated\">\n\t\t\t\t\t\t<div class=\"elementor-element elementor-element-8a1daa1 elementor-widget elementor-widget-heading\" data-id=\"8a1daa1\" data-element_type=\"widget\" data-e-type=\"widget\" data-widget_type=\"heading.default\">\n\t\t\t\t<div class=\"elementor-widget-container\">\n\t\t\t\t\t<h2 class=\"elementor-heading-title elementor-size-default\">Field day in Uyuni strengthens the adoption of regenerative practices in the production of Royal Quinoa<\/h2>\t\t\t\t<\/div>\n\t\t\t\t<\/div>\n\t\t\t\t\t<\/div>\n\t\t<\/div>\n\t\t\t\t\t<\/div>\n\t\t<\/section>\n\t\t\t\t<section class=\"elementor-section elementor-top-section elementor-element elementor-element-d61f2d1 elementor-section-boxed elementor-section-height-default elementor-section-height-default\" data-id=\"d61f2d1\" data-element_type=\"section\" data-e-type=\"section\">\n\t\t\t\t\t\t<div class=\"elementor-container elementor-column-gap-default\">\n\t\t\t\t\t<div class=\"elementor-column elementor-col-100 elementor-top-column elementor-element elementor-element-c1cc7cb\" data-id=\"c1cc7cb\" data-element_type=\"column\" data-e-type=\"column\">\n\t\t\t<div class=\"elementor-widget-wrap elementor-element-populated\">\n\t\t\t\t\t\t<div class=\"elementor-element elementor-element-12b6b07 elementor-arrows-position-inside elementor-pagination-position-outside elementor-widget elementor-widget-image-carousel\" data-id=\"12b6b07\" data-element_type=\"widget\" data-e-type=\"widget\" data-settings=\"{&quot;slides_to_show&quot;:&quot;1&quot;,&quot;navigation&quot;:&quot;both&quot;,&quot;autoplay&quot;:&quot;yes&quot;,&quot;pause_on_hover&quot;:&quot;yes&quot;,&quot;pause_on_interaction&quot;:&quot;yes&quot;,&quot;autoplay_speed&quot;:5000,&quot;infinite&quot;:&quot;yes&quot;,&quot;effect&quot;:&quot;slide&quot;,&quot;speed&quot;:500}\" data-widget_type=\"image-carousel.default\">\n\t\t\t\t<div class=\"elementor-widget-container\">\n\t\t\t\t\t\t\t<div class=\"elementor-image-carousel-wrapper swiper\" role=\"region\" aria-roledescription=\"carousel\" aria-label=\"Image carousel\" dir=\"ltr\">\n\t\t\t<div class=\"elementor-image-carousel swiper-wrapper\" aria-live=\"off\">\n\t\t\t\t\t\t\t\t<div class=\"swiper-slide\" role=\"group\" aria-roledescription=\"slide\" aria-label=\"1 of 5\" data-no-translation-aria-label=\"\"><figure class=\"swiper-slide-inner\"><img decoding=\"async\" class=\"swiper-slide-image\" src=\"https:\/\/www.proinpa.org\/web\/wp-content\/uploads\/2026\/04\/WhatsApp-Image-2026-03-06-at-20.31.14-1.jpeg\" alt=\"WhatsApp Image 2026-03-06 at 20.31.14 (1)\" \/><\/figure><\/div><div class=\"swiper-slide\" role=\"group\" aria-roledescription=\"slide\" aria-label=\"2 of 5\" data-no-translation-aria-label=\"\"><figure class=\"swiper-slide-inner\"><img decoding=\"async\" class=\"swiper-slide-image\" src=\"https:\/\/www.proinpa.org\/web\/wp-content\/uploads\/2026\/04\/WhatsApp-Image-2026-03-16-at-15.16.14.jpeg\" alt=\"WhatsApp Image 2026-03-16 at 15.16.14\" \/><\/figure><\/div><div class=\"swiper-slide\" role=\"group\" aria-roledescription=\"slide\" aria-label=\"3 of 5\" data-no-translation-aria-label=\"\"><figure class=\"swiper-slide-inner\"><img decoding=\"async\" class=\"swiper-slide-image\" src=\"https:\/\/www.proinpa.org\/web\/wp-content\/uploads\/2026\/04\/WhatsApp-Image-2026-03-16-at-15.16.18.jpeg\" alt=\"WhatsApp Image 2026-03-16 at 15.16.18\" \/><\/figure><\/div><div class=\"swiper-slide\" role=\"group\" aria-roledescription=\"slide\" aria-label=\"4 of 5\" data-no-translation-aria-label=\"\"><figure class=\"swiper-slide-inner\"><img decoding=\"async\" class=\"swiper-slide-image\" src=\"https:\/\/www.proinpa.org\/web\/wp-content\/uploads\/2026\/04\/WhatsApp-Image-2026-03-16-at-15.16.16-e1777562330407.jpeg\" alt=\"WhatsApp Image 2026-03-16 at 15.16.16\" \/><\/figure><\/div><div class=\"swiper-slide\" role=\"group\" aria-roledescription=\"slide\" aria-label=\"5 of 5\" data-no-translation-aria-label=\"\"><figure class=\"swiper-slide-inner\"><img decoding=\"async\" class=\"swiper-slide-image\" src=\"https:\/\/www.proinpa.org\/web\/wp-content\/uploads\/2026\/04\/WhatsApp-Image-2026-03-06-at-20.31.14.jpeg\" alt=\"WhatsApp Image 2026-03-06 at 20.31.14\" \/><\/figure><\/div>\t\t\t<\/div>\n\t\t\t\t\t\t\t\t\t\t\t\t<div class=\"elementor-swiper-button elementor-swiper-button-prev\" role=\"button\" tabindex=\"0\">\n\t\t\t\t\t\t<i aria-hidden=\"true\" class=\"eicon-chevron-left\"><\/i>\t\t\t\t\t<\/div>\n\t\t\t\t\t<div class=\"elementor-swiper-button elementor-swiper-button-next\" role=\"button\" tabindex=\"0\">\n\t\t\t\t\t\t<i aria-hidden=\"true\" class=\"eicon-chevron-right\"><\/i>\t\t\t\t\t<\/div>\n\t\t\t\t\n\t\t\t\t\t\t\t\t\t<div class=\"swiper-pagination\"><\/div>\n\t\t\t\t\t\t\t\t\t<\/div>\n\t\t\t\t\t\t<\/div>\n\t\t\t\t<\/div>\n\t\t\t\t\t<\/div>\n\t\t<\/div>\n\t\t\t\t\t<\/div>\n\t\t<\/section>\n\t\t\t\t<section class=\"elementor-section elementor-top-section elementor-element elementor-element-b416522 elementor-section-boxed elementor-section-height-default elementor-section-height-default\" data-id=\"b416522\" data-element_type=\"section\" data-e-type=\"section\">\n\t\t\t\t\t\t<div class=\"elementor-container elementor-column-gap-default\">\n\t\t\t\t\t<div class=\"elementor-column elementor-col-100 elementor-top-column elementor-element elementor-element-f0fa8e9\" data-id=\"f0fa8e9\" data-element_type=\"column\" data-e-type=\"column\">\n\t\t\t<div class=\"elementor-widget-wrap elementor-element-populated\">\n\t\t\t\t\t\t<div class=\"elementor-element elementor-element-be9c75a elementor-widget elementor-widget-text-editor\" data-id=\"be9c75a\" data-element_type=\"widget\" data-e-type=\"widget\" data-widget_type=\"text-editor.default\">\n\t\t\t\t<div class=\"elementor-widget-container\">\n\t\t\t\t\t\t\t\t\t<p data-start=\"229\" data-end=\"570\"><strong data-start=\"229\" data-end=\"261\">On March 6, 2026<\/strong>, in the communities of Chita and Chacala, in the municipality of <span class=\"hover:entity-accent entity-underline inline cursor-pointer align-baseline\"><span class=\"whitespace-normal\">Uyuni<\/span><\/span>, A field demonstration day was held as part of the project <em data-start=\"430\" data-end=\"569\">&quot;Sustainable growth of MSMEs working with Royal Quinoa in Bolivia, through regenerative agriculture and a circular economy.&quot;<\/em>.<\/p>\n<p data-start=\"229\" data-end=\"570\">The event brought together <strong data-start=\"594\" data-end=\"615\">127 participants<\/strong>, Among producers, technicians and actors in the sector, who participated in a practical space aimed at strengthening knowledge about circular economy and regenerative agriculture practices, with a view to organic certification processes and improvement of productive sustainability.<\/p>\n<p data-start=\"903\" data-end=\"1388\">Unlike traditional training spaces, l<b>The demonstration days in the field allow a\u00a0<span data-start=\"1008\" data-end=\"1050\" style=\"\">direct transfer of knowledge<\/span><\/b>, where producers can observe, analyze, and apply practices under real-world conditions. During the day, demonstrations were held on productive plots, addressing topics such as the use of agricultural waste, sustainable soil management, and the implementation of regenerative practices adapted to the highland context.<\/p>\n<p data-start=\"1390\" data-end=\"1717\">One of the most relevant aspects of the activity was the active participation of leading producers, who shared their experiences in the implementation of these practices, generating a horizontal learning process that strengthens the appropriation of knowledge and facilitates its replication in other production units.<\/p>\n<p data-start=\"1719\" data-end=\"2017\">These types of practical spaces are fundamental to promoting the transition towards more sustainable agri-food systems, as they allow\u00a0<span data-start=\"1862\" data-end=\"1913\" style=\"\">to shorten the gap between theory and practice<\/span>, promoting the effective adoption of technical innovations and the strengthening of local capacities. Likewise, field days contribute to consolidating collaborative networks between producers, technicians and institutions, strengthening the value chain of Royal Quinoa from a focus on sustainability, resilience and competitiveness.<\/p>\n<blockquote><span data-start=\"2257\" data-end=\"2626\"><b>L<\/b>Participation in this activity is part of the AL-INVEST Verde project in Bolivia: \u201cSustainable growth of MSMEs working with Royal Quinoa in Bolivia, through regenerative agriculture and a circular economy.\u201d @alinvestverde implemented by @sequagGmbH, leader of the Eje Consortium<\/span><span data-start=\"2257\" data-end=\"2626\">author of the #Component1, funded by @EuropeanCommission<\/span><\/blockquote>\t\t\t\t\t\t\t\t<\/div>\n\t\t\t\t<\/div>\n\t\t\t\t\t<\/div>\n\t\t<\/div>\n\t\t\t\t\t<\/div>\n\t\t<\/section>\n\t\t\t\t<\/div>","protected":false},"excerpt":{"rendered":"<p>D\u00eda de campo en Uyuni fortalece la adopci\u00f3n de pr\u00e1cticas regenerativas en la producci\u00f3n de Quinua Real El pasado 6 de marzo de 2026, en las comunidades de Chita y Chacala, en el municipio de Uyuni, se llev\u00f3 a cabo un d\u00eda demostrativo de campo en el marco del proyecto \u201cCrecimiento sostenible de las mipyme&hellip;&nbsp;<a href=\"https:\/\/www.proinpa.org\/web\/en\/al-invest-impulsa-el-dia-de-campo-en-uyuni-y-fortalece-la-adopcion-de-practicas-regenerativas-en-la-produccion-de-quinua-real\/\" rel=\"bookmark\">Read More \u00bb<span class=\"screen-reader-text\">AL-INVEST promotes the field day in Uyuni and strengthens the adoption of regenerative practices in the production of Royal Quinoa<\/span><\/a><\/p>","protected":false},"author":7,"featured_media":5725,"comment_status":"open","ping_status":"open","sticky":false,"template":"","format":"standard","meta":{"neve_meta_sidebar":"","neve_meta_container":"","neve_meta_enable_content_width":"off","neve_meta_content_width":70,"neve_meta_title_alignment":"","neve_meta_author_avatar":"","neve_post_elements_order":"","neve_meta_disable_header":"","neve_meta_disable_footer":"","neve_meta_disable_title":"","footnotes":""},"categories":[26],"tags":[],"class_list":["post-5721","post","type-post","status-publish","format-standard","has-post-thumbnail","hentry","category-noticias"],"yoast_head":"<!-- This site is optimized with the Yoast SEO plugin v27.5 - https:\/\/yoast.com\/product\/yoast-seo-wordpress\/ -->\n<title>AL - INVEST impulsa el d\u00eda de campo en Uyuni y fortalece la adopci\u00f3n de pr\u00e1cticas regenerativas en la producci\u00f3n de Quinua Real - Fundaci\u00f3n PROINPA<\/title>\n<meta name=\"robots\" content=\"index, follow, max-snippet:-1, max-image-preview:large, max-video-preview:-1\" \/>\n<link rel=\"canonical\" href=\"https:\/\/www.proinpa.org\/web\/en\/al-invest-impulsa-el-dia-de-campo-en-uyuni-y-fortalece-la-adopcion-de-practicas-regenerativas-en-la-produccion-de-quinua-real\/\" \/>\n<meta property=\"og:locale\" content=\"en_US\" \/>\n<meta property=\"og:type\" content=\"article\" \/>\n<meta property=\"og:title\" content=\"AL - INVEST impulsa el d\u00eda de campo en Uyuni y fortalece la adopci\u00f3n de pr\u00e1cticas regenerativas en la producci\u00f3n de Quinua Real - Fundaci\u00f3n PROINPA\" \/>\n<meta property=\"og:description\" content=\"D\u00eda de campo en Uyuni fortalece la adopci\u00f3n de pr\u00e1cticas regenerativas en la producci\u00f3n de Quinua Real El pasado 6 de marzo de 2026, en las comunidades de Chita y Chacala, en el municipio de Uyuni, se llev\u00f3 a cabo un d\u00eda demostrativo de campo en el marco del proyecto \u201cCrecimiento sostenible de las mipyme&hellip;&nbsp;Read More &raquo;AL &#8211; INVEST impulsa el d\u00eda de campo en Uyuni y fortalece la adopci\u00f3n de pr\u00e1cticas regenerativas en la producci\u00f3n de Quinua Real\" \/>\n<meta property=\"og:url\" content=\"https:\/\/www.proinpa.org\/web\/en\/al-invest-impulsa-el-dia-de-campo-en-uyuni-y-fortalece-la-adopcion-de-practicas-regenerativas-en-la-produccion-de-quinua-real\/\" \/>\n<meta property=\"og:site_name\" content=\"Fundaci\u00f3n PROINPA\" \/>\n<meta property=\"article:publisher\" content=\"https:\/\/www.facebook.com\/PROINPA\/\" \/>\n<meta property=\"article:published_time\" content=\"2026-03-10T13:39:48+00:00\" \/>\n<meta property=\"article:modified_time\" content=\"2026-04-30T15:30:55+00:00\" \/>\n<meta property=\"og:image\" content=\"https:\/\/www.proinpa.org\/web\/wp-content\/uploads\/2026\/04\/WhatsApp-Image-2026-03-06-at-20.31.14.jpeg\" \/>\n\t<meta property=\"og:image:width\" content=\"1280\" \/>\n\t<meta property=\"og:image:height\" content=\"591\" \/>\n\t<meta property=\"og:image:type\" content=\"image\/jpeg\" \/>\n<meta name=\"author\" content=\"Marisa Paredes\" \/>\n<meta name=\"twitter:card\" content=\"summary_large_image\" \/>\n<meta name=\"twitter:label1\" content=\"Written by\" \/>\n\t<meta name=\"twitter:data1\" content=\"Marisa Paredes\" \/>\n\t<meta name=\"twitter:label2\" content=\"Est. reading time\" \/>\n\t<meta name=\"twitter:data2\" content=\"2 minutes\" \/>\n<script type=\"application\/ld+json\" class=\"yoast-schema-graph\">{\"@context\":\"https:\\\/\\\/schema.org\",\"@graph\":[{\"@type\":\"Article\",\"@id\":\"https:\\\/\\\/www.proinpa.org\\\/web\\\/al-invest-impulsa-el-dia-de-campo-en-uyuni-y-fortalece-la-adopcion-de-practicas-regenerativas-en-la-produccion-de-quinua-real\\\/#article\",\"isPartOf\":{\"@id\":\"https:\\\/\\\/www.proinpa.org\\\/web\\\/al-invest-impulsa-el-dia-de-campo-en-uyuni-y-fortalece-la-adopcion-de-practicas-regenerativas-en-la-produccion-de-quinua-real\\\/\"},\"author\":{\"name\":\"Marisa Paredes\",\"@id\":\"https:\\\/\\\/www.proinpa.org\\\/web\\\/#\\\/schema\\\/person\\\/23678ed6177288f7e8415cac4fe6fd06\"},\"headline\":\"AL &#8211; INVEST impulsa el d\u00eda de campo en Uyuni y fortalece la adopci\u00f3n de pr\u00e1cticas regenerativas en la producci\u00f3n de Quinua Real\",\"datePublished\":\"2026-03-10T13:39:48+00:00\",\"dateModified\":\"2026-04-30T15:30:55+00:00\",\"mainEntityOfPage\":{\"@id\":\"https:\\\/\\\/www.proinpa.org\\\/web\\\/al-invest-impulsa-el-dia-de-campo-en-uyuni-y-fortalece-la-adopcion-de-practicas-regenerativas-en-la-produccion-de-quinua-real\\\/\"},\"wordCount\":409,\"commentCount\":0,\"publisher\":{\"@id\":\"https:\\\/\\\/www.proinpa.org\\\/web\\\/#organization\"},\"image\":{\"@id\":\"https:\\\/\\\/www.proinpa.org\\\/web\\\/al-invest-impulsa-el-dia-de-campo-en-uyuni-y-fortalece-la-adopcion-de-practicas-regenerativas-en-la-produccion-de-quinua-real\\\/#primaryimage\"},\"thumbnailUrl\":\"https:\\\/\\\/www.proinpa.org\\\/web\\\/wp-content\\\/uploads\\\/2026\\\/04\\\/WhatsApp-Image-2026-03-06-at-20.31.14.jpeg\",\"articleSection\":[\"Noticias\"],\"inLanguage\":\"en-US\",\"potentialAction\":[{\"@type\":\"CommentAction\",\"name\":\"Comment\",\"target\":[\"https:\\\/\\\/www.proinpa.org\\\/web\\\/al-invest-impulsa-el-dia-de-campo-en-uyuni-y-fortalece-la-adopcion-de-practicas-regenerativas-en-la-produccion-de-quinua-real\\\/#respond\"]}]},{\"@type\":\"WebPage\",\"@id\":\"https:\\\/\\\/www.proinpa.org\\\/web\\\/al-invest-impulsa-el-dia-de-campo-en-uyuni-y-fortalece-la-adopcion-de-practicas-regenerativas-en-la-produccion-de-quinua-real\\\/\",\"url\":\"https:\\\/\\\/www.proinpa.org\\\/web\\\/al-invest-impulsa-el-dia-de-campo-en-uyuni-y-fortalece-la-adopcion-de-practicas-regenerativas-en-la-produccion-de-quinua-real\\\/\",\"name\":\"AL - INVEST impulsa el d\u00eda de campo en Uyuni y fortalece la adopci\u00f3n de pr\u00e1cticas regenerativas en la producci\u00f3n de Quinua Real - Fundaci\u00f3n PROINPA\",\"isPartOf\":{\"@id\":\"https:\\\/\\\/www.proinpa.org\\\/web\\\/#website\"},\"primaryImageOfPage\":{\"@id\":\"https:\\\/\\\/www.proinpa.org\\\/web\\\/al-invest-impulsa-el-dia-de-campo-en-uyuni-y-fortalece-la-adopcion-de-practicas-regenerativas-en-la-produccion-de-quinua-real\\\/#primaryimage\"},\"image\":{\"@id\":\"https:\\\/\\\/www.proinpa.org\\\/web\\\/al-invest-impulsa-el-dia-de-campo-en-uyuni-y-fortalece-la-adopcion-de-practicas-regenerativas-en-la-produccion-de-quinua-real\\\/#primaryimage\"},\"thumbnailUrl\":\"https:\\\/\\\/www.proinpa.org\\\/web\\\/wp-content\\\/uploads\\\/2026\\\/04\\\/WhatsApp-Image-2026-03-06-at-20.31.14.jpeg\",\"datePublished\":\"2026-03-10T13:39:48+00:00\",\"dateModified\":\"2026-04-30T15:30:55+00:00\",\"breadcrumb\":{\"@id\":\"https:\\\/\\\/www.proinpa.org\\\/web\\\/al-invest-impulsa-el-dia-de-campo-en-uyuni-y-fortalece-la-adopcion-de-practicas-regenerativas-en-la-produccion-de-quinua-real\\\/#breadcrumb\"},\"inLanguage\":\"en-US\",\"potentialAction\":[{\"@type\":\"ReadAction\",\"target\":[\"https:\\\/\\\/www.proinpa.org\\\/web\\\/al-invest-impulsa-el-dia-de-campo-en-uyuni-y-fortalece-la-adopcion-de-practicas-regenerativas-en-la-produccion-de-quinua-real\\\/\"]}]},{\"@type\":\"ImageObject\",\"inLanguage\":\"en-US\",\"@id\":\"https:\\\/\\\/www.proinpa.org\\\/web\\\/al-invest-impulsa-el-dia-de-campo-en-uyuni-y-fortalece-la-adopcion-de-practicas-regenerativas-en-la-produccion-de-quinua-real\\\/#primaryimage\",\"url\":\"https:\\\/\\\/www.proinpa.org\\\/web\\\/wp-content\\\/uploads\\\/2026\\\/04\\\/WhatsApp-Image-2026-03-06-at-20.31.14.jpeg\",\"contentUrl\":\"https:\\\/\\\/www.proinpa.org\\\/web\\\/wp-content\\\/uploads\\\/2026\\\/04\\\/WhatsApp-Image-2026-03-06-at-20.31.14.jpeg\",\"width\":1280,\"height\":591},{\"@type\":\"BreadcrumbList\",\"@id\":\"https:\\\/\\\/www.proinpa.org\\\/web\\\/al-invest-impulsa-el-dia-de-campo-en-uyuni-y-fortalece-la-adopcion-de-practicas-regenerativas-en-la-produccion-de-quinua-real\\\/#breadcrumb\",\"itemListElement\":[{\"@type\":\"ListItem\",\"position\":1,\"name\":\"Portada\",\"item\":\"https:\\\/\\\/www.proinpa.org\\\/web\\\/\"},{\"@type\":\"ListItem\",\"position\":2,\"name\":\"AL &#8211; INVEST impulsa el d\u00eda de campo en Uyuni y fortalece la adopci\u00f3n de pr\u00e1cticas regenerativas en la producci\u00f3n de Quinua Real\"}]},{\"@type\":\"WebSite\",\"@id\":\"https:\\\/\\\/www.proinpa.org\\\/web\\\/#website\",\"url\":\"https:\\\/\\\/www.proinpa.org\\\/web\\\/\",\"name\":\"Fundaci\u00f3n PROINPA\",\"description\":\"Fundaci\u00f3n para la Promoci\u00f3n e Investigaci\u00f3n de Productos Andinos\",\"publisher\":{\"@id\":\"https:\\\/\\\/www.proinpa.org\\\/web\\\/#organization\"},\"potentialAction\":[{\"@type\":\"SearchAction\",\"target\":{\"@type\":\"EntryPoint\",\"urlTemplate\":\"https:\\\/\\\/www.proinpa.org\\\/web\\\/?s={search_term_string}\"},\"query-input\":{\"@type\":\"PropertyValueSpecification\",\"valueRequired\":true,\"valueName\":\"search_term_string\"}}],\"inLanguage\":\"en-US\"},{\"@type\":\"Organization\",\"@id\":\"https:\\\/\\\/www.proinpa.org\\\/web\\\/#organization\",\"name\":\"Fundaci\u00f3n Proinpa\",\"url\":\"https:\\\/\\\/www.proinpa.org\\\/web\\\/\",\"logo\":{\"@type\":\"ImageObject\",\"inLanguage\":\"en-US\",\"@id\":\"https:\\\/\\\/www.proinpa.org\\\/web\\\/#\\\/schema\\\/logo\\\/image\\\/\",\"url\":\"https:\\\/\\\/www.proinpa.org\\\/web\\\/wp-content\\\/uploads\\\/2019\\\/09\\\/logo_proinpa2.png\",\"contentUrl\":\"https:\\\/\\\/www.proinpa.org\\\/web\\\/wp-content\\\/uploads\\\/2019\\\/09\\\/logo_proinpa2.png\",\"width\":110,\"height\":85,\"caption\":\"Fundaci\u00f3n Proinpa\"},\"image\":{\"@id\":\"https:\\\/\\\/www.proinpa.org\\\/web\\\/#\\\/schema\\\/logo\\\/image\\\/\"},\"sameAs\":[\"https:\\\/\\\/www.facebook.com\\\/PROINPA\\\/\",\"https:\\\/\\\/www.youtube.com\\\/user\\\/FundacionPROINPA\"]},{\"@type\":\"Person\",\"@id\":\"https:\\\/\\\/www.proinpa.org\\\/web\\\/#\\\/schema\\\/person\\\/23678ed6177288f7e8415cac4fe6fd06\",\"name\":\"Marisa Paredes\",\"image\":{\"@type\":\"ImageObject\",\"inLanguage\":\"en-US\",\"@id\":\"https:\\\/\\\/secure.gravatar.com\\\/avatar\\\/b2bf425761e71470abcc01dd834e375afce9fd93359194ce792ccaa9e97041de?s=96&d=mm&r=g\",\"url\":\"https:\\\/\\\/secure.gravatar.com\\\/avatar\\\/b2bf425761e71470abcc01dd834e375afce9fd93359194ce792ccaa9e97041de?s=96&d=mm&r=g\",\"contentUrl\":\"https:\\\/\\\/secure.gravatar.com\\\/avatar\\\/b2bf425761e71470abcc01dd834e375afce9fd93359194ce792ccaa9e97041de?s=96&d=mm&r=g\",\"caption\":\"Marisa Paredes\"},\"url\":\"https:\\\/\\\/www.proinpa.org\\\/web\\\/en\\\/author\\\/m-paredes\\\/\"}]}<\/script>\n<!-- \/ Yoast SEO plugin. -->","yoast_head_json":{"title":"AL - INVEST impulsa el d\u00eda de campo en Uyuni y fortalece la adopci\u00f3n de pr\u00e1cticas regenerativas en la producci\u00f3n de Quinua Real - Fundaci\u00f3n PROINPA","robots":{"index":"index","follow":"follow","max-snippet":"max-snippet:-1","max-image-preview":"max-image-preview:large","max-video-preview":"max-video-preview:-1"},"canonical":"https:\/\/www.proinpa.org\/web\/en\/al-invest-impulsa-el-dia-de-campo-en-uyuni-y-fortalece-la-adopcion-de-practicas-regenerativas-en-la-produccion-de-quinua-real\/","og_locale":"en_US","og_type":"article","og_title":"AL - INVEST impulsa el d\u00eda de campo en Uyuni y fortalece la adopci\u00f3n de pr\u00e1cticas regenerativas en la producci\u00f3n de Quinua Real - Fundaci\u00f3n PROINPA","og_description":"D\u00eda de campo en Uyuni fortalece la adopci\u00f3n de pr\u00e1cticas regenerativas en la producci\u00f3n de Quinua Real El pasado 6 de marzo de 2026, en las comunidades de Chita y Chacala, en el municipio de Uyuni, se llev\u00f3 a cabo un d\u00eda demostrativo de campo en el marco del proyecto \u201cCrecimiento sostenible de las mipyme&hellip;&nbsp;Read More &raquo;AL &#8211; INVEST impulsa el d\u00eda de campo en Uyuni y fortalece la adopci\u00f3n de pr\u00e1cticas regenerativas en la producci\u00f3n de Quinua Real","og_url":"https:\/\/www.proinpa.org\/web\/en\/al-invest-impulsa-el-dia-de-campo-en-uyuni-y-fortalece-la-adopcion-de-practicas-regenerativas-en-la-produccion-de-quinua-real\/","og_site_name":"Fundaci\u00f3n PROINPA","article_publisher":"https:\/\/www.facebook.com\/PROINPA\/","article_published_time":"2026-03-10T13:39:48+00:00","article_modified_time":"2026-04-30T15:30:55+00:00","og_image":[{"width":1280,"height":591,"url":"https:\/\/www.proinpa.org\/web\/wp-content\/uploads\/2026\/04\/WhatsApp-Image-2026-03-06-at-20.31.14.jpeg","type":"image\/jpeg"}],"author":"Marisa Paredes","twitter_card":"summary_large_image","twitter_misc":{"Written by":"Marisa Paredes","Est. reading time":"2 minutes"},"schema":{"@context":"https:\/\/schema.org","@graph":[{"@type":"Article","@id":"https:\/\/www.proinpa.org\/web\/al-invest-impulsa-el-dia-de-campo-en-uyuni-y-fortalece-la-adopcion-de-practicas-regenerativas-en-la-produccion-de-quinua-real\/#article","isPartOf":{"@id":"https:\/\/www.proinpa.org\/web\/al-invest-impulsa-el-dia-de-campo-en-uyuni-y-fortalece-la-adopcion-de-practicas-regenerativas-en-la-produccion-de-quinua-real\/"},"author":{"name":"Marisa Paredes","@id":"https:\/\/www.proinpa.org\/web\/#\/schema\/person\/23678ed6177288f7e8415cac4fe6fd06"},"headline":"AL &#8211; INVEST impulsa el d\u00eda de campo en Uyuni y fortalece la adopci\u00f3n de pr\u00e1cticas regenerativas en la producci\u00f3n de Quinua Real","datePublished":"2026-03-10T13:39:48+00:00","dateModified":"2026-04-30T15:30:55+00:00","mainEntityOfPage":{"@id":"https:\/\/www.proinpa.org\/web\/al-invest-impulsa-el-dia-de-campo-en-uyuni-y-fortalece-la-adopcion-de-practicas-regenerativas-en-la-produccion-de-quinua-real\/"},"wordCount":409,"commentCount":0,"publisher":{"@id":"https:\/\/www.proinpa.org\/web\/#organization"},"image":{"@id":"https:\/\/www.proinpa.org\/web\/al-invest-impulsa-el-dia-de-campo-en-uyuni-y-fortalece-la-adopcion-de-practicas-regenerativas-en-la-produccion-de-quinua-real\/#primaryimage"},"thumbnailUrl":"https:\/\/www.proinpa.org\/web\/wp-content\/uploads\/2026\/04\/WhatsApp-Image-2026-03-06-at-20.31.14.jpeg","articleSection":["Noticias"],"inLanguage":"en-US","potentialAction":[{"@type":"CommentAction","name":"Comment","target":["https:\/\/www.proinpa.org\/web\/al-invest-impulsa-el-dia-de-campo-en-uyuni-y-fortalece-la-adopcion-de-practicas-regenerativas-en-la-produccion-de-quinua-real\/#respond"]}]},{"@type":"WebPage","@id":"https:\/\/www.proinpa.org\/web\/al-invest-impulsa-el-dia-de-campo-en-uyuni-y-fortalece-la-adopcion-de-practicas-regenerativas-en-la-produccion-de-quinua-real\/","url":"https:\/\/www.proinpa.org\/web\/al-invest-impulsa-el-dia-de-campo-en-uyuni-y-fortalece-la-adopcion-de-practicas-regenerativas-en-la-produccion-de-quinua-real\/","name":"AL - INVEST impulsa el d\u00eda de campo en Uyuni y fortalece la adopci\u00f3n de pr\u00e1cticas regenerativas en la producci\u00f3n de Quinua Real - Fundaci\u00f3n PROINPA","isPartOf":{"@id":"https:\/\/www.proinpa.org\/web\/#website"},"primaryImageOfPage":{"@id":"https:\/\/www.proinpa.org\/web\/al-invest-impulsa-el-dia-de-campo-en-uyuni-y-fortalece-la-adopcion-de-practicas-regenerativas-en-la-produccion-de-quinua-real\/#primaryimage"},"image":{"@id":"https:\/\/www.proinpa.org\/web\/al-invest-impulsa-el-dia-de-campo-en-uyuni-y-fortalece-la-adopcion-de-practicas-regenerativas-en-la-produccion-de-quinua-real\/#primaryimage"},"thumbnailUrl":"https:\/\/www.proinpa.org\/web\/wp-content\/uploads\/2026\/04\/WhatsApp-Image-2026-03-06-at-20.31.14.jpeg","datePublished":"2026-03-10T13:39:48+00:00","dateModified":"2026-04-30T15:30:55+00:00","breadcrumb":{"@id":"https:\/\/www.proinpa.org\/web\/al-invest-impulsa-el-dia-de-campo-en-uyuni-y-fortalece-la-adopcion-de-practicas-regenerativas-en-la-produccion-de-quinua-real\/#breadcrumb"},"inLanguage":"en-US","potentialAction":[{"@type":"ReadAction","target":["https:\/\/www.proinpa.org\/web\/al-invest-impulsa-el-dia-de-campo-en-uyuni-y-fortalece-la-adopcion-de-practicas-regenerativas-en-la-produccion-de-quinua-real\/"]}]},{"@type":"ImageObject","inLanguage":"en-US","@id":"https:\/\/www.proinpa.org\/web\/al-invest-impulsa-el-dia-de-campo-en-uyuni-y-fortalece-la-adopcion-de-practicas-regenerativas-en-la-produccion-de-quinua-real\/#primaryimage","url":"https:\/\/www.proinpa.org\/web\/wp-content\/uploads\/2026\/04\/WhatsApp-Image-2026-03-06-at-20.31.14.jpeg","contentUrl":"https:\/\/www.proinpa.org\/web\/wp-content\/uploads\/2026\/04\/WhatsApp-Image-2026-03-06-at-20.31.14.jpeg","width":1280,"height":591},{"@type":"BreadcrumbList","@id":"https:\/\/www.proinpa.org\/web\/al-invest-impulsa-el-dia-de-campo-en-uyuni-y-fortalece-la-adopcion-de-practicas-regenerativas-en-la-produccion-de-quinua-real\/#breadcrumb","itemListElement":[{"@type":"ListItem","position":1,"name":"Portada","item":"https:\/\/www.proinpa.org\/web\/"},{"@type":"ListItem","position":2,"name":"AL &#8211; INVEST impulsa el d\u00eda de campo en Uyuni y fortalece la adopci\u00f3n de pr\u00e1cticas regenerativas en la producci\u00f3n de Quinua Real"}]},{"@type":"WebSite","@id":"https:\/\/www.proinpa.org\/web\/#website","url":"https:\/\/www.proinpa.org\/web\/","name":"PROINPA Foundation","description":"Foundation for the Promotion and Research of Andean Products","publisher":{"@id":"https:\/\/www.proinpa.org\/web\/#organization"},"potentialAction":[{"@type":"SearchAction","target":{"@type":"EntryPoint","urlTemplate":"https:\/\/www.proinpa.org\/web\/?s={search_term_string}"},"query-input":{"@type":"PropertyValueSpecification","valueRequired":true,"valueName":"search_term_string"}}],"inLanguage":"en-US"},{"@type":"Organization","@id":"https:\/\/www.proinpa.org\/web\/#organization","name":"Proinpa Foundation","url":"https:\/\/www.proinpa.org\/web\/","logo":{"@type":"ImageObject","inLanguage":"en-US","@id":"https:\/\/www.proinpa.org\/web\/#\/schema\/logo\/image\/","url":"https:\/\/www.proinpa.org\/web\/wp-content\/uploads\/2019\/09\/logo_proinpa2.png","contentUrl":"https:\/\/www.proinpa.org\/web\/wp-content\/uploads\/2019\/09\/logo_proinpa2.png","width":110,"height":85,"caption":"Fundaci\u00f3n Proinpa"},"image":{"@id":"https:\/\/www.proinpa.org\/web\/#\/schema\/logo\/image\/"},"sameAs":["https:\/\/www.facebook.com\/PROINPA\/","https:\/\/www.youtube.com\/user\/FundacionPROINPA"]},{"@type":"Person","@id":"https:\/\/www.proinpa.org\/web\/#\/schema\/person\/23678ed6177288f7e8415cac4fe6fd06","name":"Marisa Paredes","image":{"@type":"ImageObject","inLanguage":"en-US","@id":"https:\/\/secure.gravatar.com\/avatar\/b2bf425761e71470abcc01dd834e375afce9fd93359194ce792ccaa9e97041de?s=96&d=mm&r=g","url":"https:\/\/secure.gravatar.com\/avatar\/b2bf425761e71470abcc01dd834e375afce9fd93359194ce792ccaa9e97041de?s=96&d=mm&r=g","contentUrl":"https:\/\/secure.gravatar.com\/avatar\/b2bf425761e71470abcc01dd834e375afce9fd93359194ce792ccaa9e97041de?s=96&d=mm&r=g","caption":"Marisa Paredes"},"url":"https:\/\/www.proinpa.org\/web\/en\/author\/m-paredes\/"}]}},"_links":{"self":[{"href":"https:\/\/www.proinpa.org\/web\/en\/wp-json\/wp\/v2\/posts\/5721","targetHints":{"allow":["GET"]}}],"collection":[{"href":"https:\/\/www.proinpa.org\/web\/en\/wp-json\/wp\/v2\/posts"}],"about":[{"href":"https:\/\/www.proinpa.org\/web\/en\/wp-json\/wp\/v2\/types\/post"}],"author":[{"embeddable":true,"href":"https:\/\/www.proinpa.org\/web\/en\/wp-json\/wp\/v2\/users\/7"}],"replies":[{"embeddable":true,"href":"https:\/\/www.proinpa.org\/web\/en\/wp-json\/wp\/v2\/comments?post=5721"}],"version-history":[{"count":7,"href":"https:\/\/www.proinpa.org\/web\/en\/wp-json\/wp\/v2\/posts\/5721\/revisions"}],"predecessor-version":[{"id":5781,"href":"https:\/\/www.proinpa.org\/web\/en\/wp-json\/wp\/v2\/posts\/5721\/revisions\/5781"}],"wp:featuredmedia":[{"embeddable":true,"href":"https:\/\/www.proinpa.org\/web\/en\/wp-json\/wp\/v2\/media\/5725"}],"wp:attachment":[{"href":"https:\/\/www.proinpa.org\/web\/en\/wp-json\/wp\/v2\/media?parent=5721"}],"wp:term":[{"taxonomy":"category","embeddable":true,"href":"https:\/\/www.proinpa.org\/web\/en\/wp-json\/wp\/v2\/categories?post=5721"},{"taxonomy":"post_tag","embeddable":true,"href":"https:\/\/www.proinpa.org\/web\/en\/wp-json\/wp\/v2\/tags?post=5721"}],"curies":[{"name":"wp","href":"https:\/\/api.w.org\/{rel}","templated":true}]}}