{"id":3043,"date":"2022-08-04T11:22:59","date_gmt":"2022-08-04T15:22:59","guid":{"rendered":"https:\/\/www.proinpa.org\/web\/?p=3043"},"modified":"2022-08-04T11:31:25","modified_gmt":"2022-08-04T15:31:25","slug":"segunda-version-premio-antonio-gandarillas-antezana-para-tesis-de-grado-en-investigaciones-con-enfoque-de-agricultura-sostenible","status":"publish","type":"post","link":"https:\/\/www.proinpa.org\/web\/segunda-version-premio-antonio-gandarillas-antezana-para-tesis-de-grado-en-investigaciones-con-enfoque-de-agricultura-sostenible\/","title":{"rendered":"Segunda Versi\u00f3n &#8211;  Premio \u201cAntonio Gandarillas Antezana\u201d Para Tesis de Grado en Investigaciones con enfoque de Agricultura Sostenible"},"content":{"rendered":"\t\t<div data-elementor-type=\"wp-post\" data-elementor-id=\"3043\" class=\"elementor elementor-3043\">\n\t\t\t\t\t\t<section class=\"elementor-section elementor-top-section elementor-element elementor-element-f829b27 elementor-section-boxed elementor-section-height-default elementor-section-height-default\" data-id=\"f829b27\" data-element_type=\"section\" data-e-type=\"section\">\n\t\t\t\t\t\t<div class=\"elementor-container elementor-column-gap-default\">\n\t\t\t\t\t<div class=\"elementor-column elementor-col-100 elementor-top-column elementor-element elementor-element-629cc2d\" data-id=\"629cc2d\" data-element_type=\"column\" data-e-type=\"column\">\n\t\t\t<div class=\"elementor-widget-wrap elementor-element-populated\">\n\t\t\t\t\t\t<div class=\"elementor-element elementor-element-fa5d4e2 elementor-widget elementor-widget-image\" data-id=\"fa5d4e2\" data-element_type=\"widget\" data-e-type=\"widget\" data-widget_type=\"image.default\">\n\t\t\t\t<div class=\"elementor-widget-container\">\n\t\t\t\t\t\t\t\t\t\t\t\t\t\t\t<img fetchpriority=\"high\" decoding=\"async\" width=\"714\" height=\"1024\" src=\"https:\/\/www.proinpa.org\/web\/wp-content\/uploads\/2022\/08\/Afiche-Premio-Antonio-Gandarillas-red-714x1024.jpg\" class=\"attachment-large size-large wp-image-3051\" alt=\"\" srcset=\"https:\/\/www.proinpa.org\/web\/wp-content\/uploads\/2022\/08\/Afiche-Premio-Antonio-Gandarillas-red-714x1024.jpg 714w, https:\/\/www.proinpa.org\/web\/wp-content\/uploads\/2022\/08\/Afiche-Premio-Antonio-Gandarillas-red-209x300.jpg 209w, https:\/\/www.proinpa.org\/web\/wp-content\/uploads\/2022\/08\/Afiche-Premio-Antonio-Gandarillas-red-768x1101.jpg 768w, https:\/\/www.proinpa.org\/web\/wp-content\/uploads\/2022\/08\/Afiche-Premio-Antonio-Gandarillas-red-1072x1536.jpg 1072w, https:\/\/www.proinpa.org\/web\/wp-content\/uploads\/2022\/08\/Afiche-Premio-Antonio-Gandarillas-red-720x1032.jpg 720w, https:\/\/www.proinpa.org\/web\/wp-content\/uploads\/2022\/08\/Afiche-Premio-Antonio-Gandarillas-red.jpg 1209w\" sizes=\"(max-width: 714px) 100vw, 714px\" \/>\t\t\t\t\t\t\t\t\t\t\t\t\t\t\t<\/div>\n\t\t\t\t<\/div>\n\t\t\t\t\t<\/div>\n\t\t<\/div>\n\t\t\t\t\t<\/div>\n\t\t<\/section>\n\t\t\t\t<section class=\"elementor-section elementor-top-section elementor-element elementor-element-0e15d3a elementor-section-boxed elementor-section-height-default elementor-section-height-default\" data-id=\"0e15d3a\" data-element_type=\"section\" data-e-type=\"section\">\n\t\t\t\t\t\t<div class=\"elementor-container elementor-column-gap-default\">\n\t\t\t\t\t<div class=\"elementor-column elementor-col-100 elementor-top-column elementor-element elementor-element-b38c3cc\" data-id=\"b38c3cc\" data-element_type=\"column\" data-e-type=\"column\">\n\t\t\t<div class=\"elementor-widget-wrap elementor-element-populated\">\n\t\t\t\t\t\t<div class=\"elementor-element elementor-element-4837a73 elementor-widget elementor-widget-text-editor\" data-id=\"4837a73\" data-element_type=\"widget\" data-e-type=\"widget\" data-widget_type=\"text-editor.default\">\n\t\t\t\t<div class=\"elementor-widget-container\">\n\t\t\t\t\t\t\t\t\t<p><strong>I) INTRODUCCI\u00d3N <\/strong><\/p><p>Los cultivos de Bolivia manejados en sus diferentes regiones son muy importantes, porque generan significativos ingresos para su poblaci\u00f3n y el pa\u00eds en su conjunto. Sin embargo, a pesar de los esfuerzos la tecnolog\u00eda es insuficiente para lograr una producci\u00f3n sostenible, mejorar la productividad y para hacerlos m\u00e1s accesibles al consumo nacional. Por ello, promover el desarrollo de tecnolog\u00edas e innovaciones en los cultivos es de vital importancia para la agricultura familiar, la seguridad y soberan\u00eda alimentaria y la reducci\u00f3n de la pobreza.<\/p><p>Antonio Gandarillas Antezana ha sido un profesional cuyos dotes cient\u00edficos, conocimientos y experiencia fue compartido a nivel nacional e internacional. Su visi\u00f3n para llevar a cabo investigaciones, de alta calidad, relevantes y con enfoque agroecol\u00f3gico que influyan tanto en el sector de investigaci\u00f3n y desarrollo de Bolivia, como para los peque\u00f1os agricultores, ha sido una inspiraci\u00f3n. Su eficacia en apoyar a las mujeres y a los cient\u00edficos ind\u00edgenas, en un momento en que eso no era parte de la agenda institucional, adem\u00e1s su esfuerzo por incentivar a investigadores j\u00f3venes, marc\u00f3 la gran val\u00eda y empat\u00eda de este cient\u00edfico y l\u00edder boliviano.<\/p><p>El Dr. Antonio Gandarillas, desde la solidez de su segundo hogar la Fundaci\u00f3n PROINPA, promovi\u00f3 el uso de los recursos gen\u00e9ticos como mecanismo para su conservaci\u00f3n y uso, fue parte del desarrollo de innovaciones para el manejo ecol\u00f3gico de plagas y enfermedades de los cultivos en las diferentes regiones del pa\u00eds y en sus \u00faltimos a\u00f1os, promovi\u00f3 el uso de bioinsumos con cepas de microrganismos nativos para el fomento de la agricultura org\u00e1nica y ecol\u00f3gica en el occidente y oriente de Bolivia.<\/p><p>La Academia Nacional de Ciencias de Bolivia (ANCB), tiene la satisfacci\u00f3n de haber contado entre sus Acad\u00e9micos de N\u00famero, al Dr. Antonio Gandarillas Antezana, en su honor, es que se convoca a este premio, que pretende servir de est\u00edmulo a la formaci\u00f3n de investigadores de las ciencias agr\u00edcolas y otras relacionadas con enfoque de sostenibilidad con relaci\u00f3n al medioambiente en el pa\u00eds.<\/p><p>En esta Segunda Versi\u00f3n, el concurso se da a nivel Nacional pero resaltando estudios espec\u00edficos en\u00a0 las tres macro regiones del pa\u00eds, as\u00ed mismo resaltando el aporte acad\u00e9mico los dos primeros lugares de cada macro regi\u00f3n gozar\u00e1n de la publicaci\u00f3n de su trabajo en revistas acad\u00e9micas destacadas\u00a0 a nivel nacional sobre el eje de la Agricultura Sostenible. Son bienvenidos, los trabajos de los j\u00f3venes investigadores que han realizado investigaciones en los a\u00f1os 2020, 2021 y 2022.<\/p><p><strong>II) OBJETIVOS DEL PREMIO<\/strong><\/p><p><strong>a) General:<\/strong><\/p><p>&#8211;\u00a0 Fomentar la investigaci\u00f3n de j\u00f3venes cient\u00edficos con enfoque de agricultura sostenible<\/p><p>\u00a0\u00a0 en Bolivia.<\/p><p><strong>b) Espec\u00edficos:<\/strong><\/p><ul><li>Reconocer el aporte de trabajos de investigaci\u00f3n en agricultura sostenible en las tres macro regiones de Bolivia.<\/li><li>Publicar los trabajos ganadores en revistas especializadas en temas de investigaci\u00f3n agr\u00edcola.<strong>\u00a0<\/strong><\/li><\/ul><p><strong>III) \u00c1REAS DE PRESENTACI\u00d3N DE LOS TRABAJOS <\/strong><\/p><p>En esta Segunda Versi\u00f3n del Premio, las \u00e1reas en las cuales pueden ser presentadas las tesis son las siguientes:<\/p><ul><li>Conservaci\u00f3n de la fertilidad del suelo.<\/li><li>Manejo del agua.<\/li><li>Capacidad de adaptaci\u00f3n al cambio clim\u00e1tico.<\/li><li>Sistemas sostenibles de producci\u00f3n.<\/li><li>Producci\u00f3n org\u00e1nica.<\/li><li>Producci\u00f3n de semillas.<\/li><li>Manejo de plagas y enfermedades.<\/li><li>Mejoramiento gen\u00e9tico.<\/li><li>Conservaci\u00f3n de recursos gen\u00e9ticos.<\/li><li>Procesos de transformaci\u00f3n y valor agregado.<\/li><\/ul><p><strong>\u00a0<\/strong><\/p><p><strong>IV) PARTICIPANTES <\/strong><\/p><p>Podr\u00e1n ser presentados trabajos de tesis de Licenciatura que hayan sido defendidos durante los a\u00f1os 2020, 2021 y 2022 en cualquier universidad p\u00fablica o privada boliviana.<\/p><p>Los postulantes deber\u00e1n indicar a qu\u00e9 macro regi\u00f3n contribuye su trabajo de investigaci\u00f3n. (altiplano, valles, llanos y\/o yungas)<\/p><p><strong>\u00a0<\/strong><\/p><p><strong>V) PRESETANCI\u00d3N DE TRABAJOS<\/strong><\/p><p>Las postulaciones deber\u00e1n ser presentadas con los siguientes requisitos:<\/p><ol><li>El o la participante debe ser acreditado por la universidad donde realiz\u00f3 el trabajo (mediante carta de Decanatura o del profesor asesor de la tesis). El responsable de la tesis debe ser el primer autor, quien figurar\u00e1 en todas las gestiones del Premio, desde la inscripci\u00f3n hasta la premiaci\u00f3n. Sin embargo, la tesis indicar\u00e1 el nombre de todos sus autores.<\/li><li>El concursante debe presentar un art\u00edculo de tesis en un m\u00e1ximo de 15 p\u00e1ginas, en fuente Arial tama\u00f1o 11 con 3 y 2,5 cm de margen a 1,5 de interlineado. Enviar el documento al correo electr\u00f3nico: <a href=\"mailto:ucom@proinpa.org\">ucom@proinpa.org<\/a>\u00a0 ( de acuerdo con la plantilla adjunta)<\/li><li>Las tesis deben referirse a las tem\u00e1ticas expuestas en el ac\u00e1pite III de este documento.<\/li><li>Fundaci\u00f3n PROINPA no asume ning\u00fan derecho sobre la autor\u00eda del documento.<\/li><\/ol><p><strong>\u00a0<\/strong><\/p><p><strong>EXPEDIENTE T\u00c9CNICO <\/strong><\/p><p>1.- Debe estar adjunto a una carta dirigida al Comit\u00e9 Organizador del Premio Antonio Gandarillas Antezana de la Fundaci\u00f3n PROINPA.<\/p><p>2.- El expediente t\u00e9cnico debe ser escrito en archivo Word y enviado en formato PDF. Debe consistir de los siguientes cap\u00edtulos:<\/p><ol><li>T\u00edtulo<\/li><li>Autores<\/li><li>Resumen<\/li><li>Introducci\u00f3n<\/li><li>Objetivos<\/li><li>M\u00e9todos<\/li><li>Resultados y an\u00e1lisis<\/li><li>Conclusiones<\/li><\/ol><p><strong>En detalle:<\/strong><\/p><p><strong>Cap\u00edtulo 1.<\/strong> T\u00edtulo del trabajo<\/p><p><strong>Cap\u00edtulo 2.<\/strong> Autores. Nombre completo de los autores, direcci\u00f3n electr\u00f3nica del responsable de la tesis y del profesor principal, tel\u00e9fono y celular. A\u00f1o de defensa de la tesis. Nombre de la Universidad.<\/p><p><strong>Cap\u00edtulo 3.<\/strong> Resumen de la tesis (200 palabras)<\/p><p><strong>Cap\u00edtulo 4.<\/strong> Introducci\u00f3n. Antecedentes, contextualizaci\u00f3n del tema que se investiga, literatura relacionada, hip\u00f3tesis.<\/p><p><strong>Cap\u00edtulo 5.<\/strong> Objetivos. Puede tener un objetivo general y varios espec\u00edficos.<\/p><p><strong>Cap\u00edtulo 6.<\/strong> M\u00e9todos. Describir el m\u00e9todo utilizado, no es necesario explicar detalles.<\/p><p><strong>Cap\u00edtulo 7.<\/strong> Resultados y an\u00e1lisis. Presentar de manera concreta los resultados. Se puede acompa\u00f1ar tablas y figuras. La discusi\u00f3n puede ir en este mismo cap\u00edtulo u otro separado. Incluir referencias a otros autores.<\/p><p><strong>Cap\u00edtulo 8.<\/strong> Las conclusiones deben ser anal\u00edticas, reflejando los principales resultados y los aportes que est\u00e1 presentando el trabajo.<\/p><p><strong>\u00a0<\/strong><strong>VI) CRITERIOS DE EVALUACI\u00d3N <\/strong><\/p><p>Dentro de los criterios de evaluaci\u00f3n se mencionan la originalidad del trabajo, el nivel cient\u00edfico, la soluci\u00f3n a problemas espec\u00edficos concernientes a la agricultura sostenible, el aporte al medio ambiente, la sociedad y al mundo.<\/p><p><strong>VII) DE LA COMISI\u00d3N EVALUADORA<\/strong><\/p><p>La Comisi\u00f3n evaluadora por regi\u00f3n, estar\u00e1 integrada por un selecto grupo de profesionales del \u00e1rea cient\u00edfica y agropecuaria del pa\u00eds invitados garantizando la imparcialidad del proceso.<\/p><p><strong>\u00a0<\/strong><strong>VIII) ORGANIZADORES <\/strong><\/p><p>Este concurso surge como una iniciativa de la Fundaci\u00f3n PROINPA en alianza con \u00a0la Academia Nacional de Ciencias de Bolivia. Cuenta con el apoyo de<strong>: L<\/strong>a familia Gandarillas, el Proyecto Mercados Inclusivos, el Grupo CREA de Santa Cruz de la Sierra y las revistas Agricultura de la Universidad Mayor de San Sim\u00f3n de Cochabamba, Crea de Santa Cruz y la Revista de Investigaci\u00f3n e Innovaci\u00f3n Agropecuaria y de Recursos Naturales (RIIARn) del Instituto de Investigaciones Agropecuarias y de Recursos Naturales (IIAREN) de la Facultad de Agronom\u00eda, Universidad Mayor de San Andr\u00e9s.<\/p><p><strong>X) CRONOGRAMA<\/strong><\/p><p>El lanzamiento de la convocatoria se efectuar\u00e1 en el mes de agosto y los trabajos podr\u00e1n ser presentados hasta el mes de septiembre en base al calendario descrito a continuaci\u00f3n.<\/p><ul><li>4 de agosto del 2022: Lanzamiento de la Convocatoria en los sitios web de la Fundaci\u00f3n PROINPA y medios de comunicaci\u00f3n.<\/li><li>4 de agosto al 25 de septiembre 2022: Presentaci\u00f3n de propuestas v\u00eda correo electr\u00f3nico<\/li><\/ul><p>(<a href=\"mailto:ucom@proinpa.org\">ucom@proinpa.org<\/a>)<\/p><ul><li>26 de septiembre al 26 octubre 2022: Evaluaci\u00f3n y calificaci\u00f3n de los trabajos.<\/li><li>27 de octubre del 2022: Publicaci\u00f3n de los resultados en los Sitios Web de la Fundaci\u00f3n PROINPA.<\/li><li>Segunda semana de noviembre Premiaci\u00f3n. (8,9 y10)<\/li><\/ul><p><strong>\u00a0<\/strong><\/p><p><strong>XI) PREMIOS <\/strong><\/p><p>Se otorgar\u00e1n tres premios similares destinados a las maro regiones y cultivos de llanos y\/o yungas, altiplano y valles de nuestro pa\u00eds premiando a los primeros dos lugares de las tres regiones con la publicaci\u00f3n de sus trabajos en revistas acad\u00e9micas, (cumpliendo los requisitos de cada una de ellas) y entrega de certificados. La distribuci\u00f3n de los premios ser\u00e1 como sigue:<\/p><p>Regi\u00f3n de llanos Valles<\/p><ul><li>Primer Premio : Publicaci\u00f3n, certificado y Bs 2.500 (Dos Mil Quinientos 00\/100 bolivianos)<\/li><li>Segundo Premio: Publicaci\u00f3n, certificado y Bs 1.500 (Mil Trescientos 00\/100 bolivianos)<\/li><li>Tercer Premio: Certificado<\/li><\/ul><p>Regi\u00f3n de Llanos y\/o Yungas<\/p><ul><li>Primer Premio : Publicaci\u00f3n, certificado y Bs 2.500 (Dos Mil Quinientos 00\/100 bolivianos)<\/li><li>Segundo Premio: Publicaci\u00f3n, certificado y Bs 1.500 (Mil Trescientos 00\/100 bolivianos)<\/li><li>Tercer Premio: Certificado<\/li><\/ul><p>Regi\u00f3n del Altiplano<\/p><ul><li>Primer Premio : Publicaci\u00f3n, certificado y Bs 2.500 (Dos Mil Quinientos 00\/100 bolivianos)<\/li><li>Segundo Premio: Publicaci\u00f3n, certificado y Bs 1.500 (Mil Trescientos 00\/100 bolivianos)<\/li><li>Tercer Premio: Certificado<\/li><\/ul><p><strong>\u00a0<\/strong><strong>XII) CONDICIONES \u00c9TICO-LEGALES PARA LOS PARTICIPANTES<\/strong><\/p><ol><li>Los concursantes aceptan los t\u00e9rminos y condiciones del presente concurso y se comprometen a aceptar las decisiones del Comit\u00e9 Evaluador.<\/li><li>La informaci\u00f3n proporcionada por los concursantes debe ser veraz, correcta y precisa.<\/li><li>Los concursantes autorizan que la informaci\u00f3n que origine su participaci\u00f3n sea utilizada en el material de difusi\u00f3n y publicidad del Premio.<\/li><\/ol><p><strong>\u00a0<\/strong><\/p><p><strong>\u00a0<\/strong><\/p><p><strong>\u00a0<\/strong><\/p>\t\t\t\t\t\t\t\t<\/div>\n\t\t\t\t<\/div>\n\t\t\t\t\t<\/div>\n\t\t<\/div>\n\t\t\t\t\t<\/div>\n\t\t<\/section>\n\t\t\t\t<\/div>\n\t\t","protected":false},"excerpt":{"rendered":"<p>I) INTRODUCCI\u00d3N Los cultivos de Bolivia manejados en sus diferentes regiones son muy importantes, porque generan significativos ingresos para su poblaci\u00f3n y el pa\u00eds en su conjunto. Sin embargo, a pesar de los esfuerzos la tecnolog\u00eda es insuficiente para lograr una producci\u00f3n sostenible, mejorar la productividad y para hacerlos m\u00e1s accesibles al consumo nacional. Por&hellip;&nbsp;<a href=\"https:\/\/www.proinpa.org\/web\/segunda-version-premio-antonio-gandarillas-antezana-para-tesis-de-grado-en-investigaciones-con-enfoque-de-agricultura-sostenible\/\" rel=\"bookmark\">Leer m\u00e1s &raquo;<span class=\"screen-reader-text\">Segunda Versi\u00f3n &#8211;  Premio \u201cAntonio Gandarillas Antezana\u201d Para Tesis de Grado en Investigaciones con enfoque de Agricultura Sostenible<\/span><\/a><\/p>\n","protected":false},"author":4,"featured_media":0,"comment_status":"open","ping_status":"open","sticky":false,"template":"","format":"standard","meta":{"neve_meta_sidebar":"","neve_meta_container":"","neve_meta_enable_content_width":"","neve_meta_content_width":0,"neve_meta_title_alignment":"","neve_meta_author_avatar":"","neve_post_elements_order":"","neve_meta_disable_header":"","neve_meta_disable_footer":"","neve_meta_disable_title":"","footnotes":""},"categories":[26],"tags":[],"class_list":["post-3043","post","type-post","status-publish","format-standard","hentry","category-noticias"],"yoast_head":"<!-- This site is optimized with the Yoast SEO plugin v27.4 - https:\/\/yoast.com\/product\/yoast-seo-wordpress\/ -->\n<title>Segunda Versi\u00f3n - Premio \u201cAntonio Gandarillas Antezana\u201d Para Tesis de Grado en Investigaciones con enfoque de Agricultura Sostenible - Fundaci\u00f3n PROINPA<\/title>\n<meta name=\"robots\" content=\"index, follow, max-snippet:-1, max-image-preview:large, max-video-preview:-1\" \/>\n<link rel=\"canonical\" href=\"https:\/\/www.proinpa.org\/web\/segunda-version-premio-antonio-gandarillas-antezana-para-tesis-de-grado-en-investigaciones-con-enfoque-de-agricultura-sostenible\/\" \/>\n<meta property=\"og:locale\" content=\"es_ES\" \/>\n<meta property=\"og:type\" content=\"article\" \/>\n<meta property=\"og:title\" content=\"Segunda Versi\u00f3n - Premio \u201cAntonio Gandarillas Antezana\u201d Para Tesis de Grado en Investigaciones con enfoque de Agricultura Sostenible - Fundaci\u00f3n PROINPA\" \/>\n<meta property=\"og:description\" content=\"I) INTRODUCCI\u00d3N Los cultivos de Bolivia manejados en sus diferentes regiones son muy importantes, porque generan significativos ingresos para su poblaci\u00f3n y el pa\u00eds en su conjunto. Sin embargo, a pesar de los esfuerzos la tecnolog\u00eda es insuficiente para lograr una producci\u00f3n sostenible, mejorar la productividad y para hacerlos m\u00e1s accesibles al consumo nacional. Por&hellip;&nbsp;Leer m\u00e1s &raquo;Segunda Versi\u00f3n &#8211; Premio \u201cAntonio Gandarillas Antezana\u201d Para Tesis de Grado en Investigaciones con enfoque de Agricultura Sostenible\" \/>\n<meta property=\"og:url\" content=\"https:\/\/www.proinpa.org\/web\/segunda-version-premio-antonio-gandarillas-antezana-para-tesis-de-grado-en-investigaciones-con-enfoque-de-agricultura-sostenible\/\" \/>\n<meta property=\"og:site_name\" content=\"Fundaci\u00f3n PROINPA\" \/>\n<meta property=\"article:publisher\" content=\"https:\/\/www.facebook.com\/PROINPA\/\" \/>\n<meta property=\"article:published_time\" content=\"2022-08-04T15:22:59+00:00\" \/>\n<meta property=\"article:modified_time\" content=\"2022-08-04T15:31:25+00:00\" \/>\n<meta property=\"og:image\" content=\"https:\/\/www.proinpa.org\/web\/wp-content\/uploads\/2022\/08\/Afiche-Premio-Antonio-Gandarillas-red-714x1024.jpg\" \/>\n<meta name=\"author\" content=\"admin\" \/>\n<meta name=\"twitter:card\" content=\"summary_large_image\" \/>\n<meta name=\"twitter:label1\" content=\"Escrito por\" \/>\n\t<meta name=\"twitter:data1\" content=\"admin\" \/>\n\t<meta name=\"twitter:label2\" content=\"Tiempo de lectura\" \/>\n\t<meta name=\"twitter:data2\" content=\"8 minutos\" \/>\n<script type=\"application\/ld+json\" class=\"yoast-schema-graph\">{\"@context\":\"https:\\\/\\\/schema.org\",\"@graph\":[{\"@type\":\"Article\",\"@id\":\"https:\\\/\\\/www.proinpa.org\\\/web\\\/segunda-version-premio-antonio-gandarillas-antezana-para-tesis-de-grado-en-investigaciones-con-enfoque-de-agricultura-sostenible\\\/#article\",\"isPartOf\":{\"@id\":\"https:\\\/\\\/www.proinpa.org\\\/web\\\/segunda-version-premio-antonio-gandarillas-antezana-para-tesis-de-grado-en-investigaciones-con-enfoque-de-agricultura-sostenible\\\/\"},\"author\":{\"name\":\"admin\",\"@id\":\"https:\\\/\\\/www.proinpa.org\\\/web\\\/#\\\/schema\\\/person\\\/45c061441ecf3345210362bf2e3b9bf3\"},\"headline\":\"Segunda Versi\u00f3n &#8211; Premio \u201cAntonio Gandarillas Antezana\u201d Para Tesis de Grado en Investigaciones con enfoque de Agricultura Sostenible\",\"datePublished\":\"2022-08-04T15:22:59+00:00\",\"dateModified\":\"2022-08-04T15:31:25+00:00\",\"mainEntityOfPage\":{\"@id\":\"https:\\\/\\\/www.proinpa.org\\\/web\\\/segunda-version-premio-antonio-gandarillas-antezana-para-tesis-de-grado-en-investigaciones-con-enfoque-de-agricultura-sostenible\\\/\"},\"wordCount\":1531,\"commentCount\":1,\"publisher\":{\"@id\":\"https:\\\/\\\/www.proinpa.org\\\/web\\\/#organization\"},\"image\":{\"@id\":\"https:\\\/\\\/www.proinpa.org\\\/web\\\/segunda-version-premio-antonio-gandarillas-antezana-para-tesis-de-grado-en-investigaciones-con-enfoque-de-agricultura-sostenible\\\/#primaryimage\"},\"thumbnailUrl\":\"https:\\\/\\\/www.proinpa.org\\\/web\\\/wp-content\\\/uploads\\\/2022\\\/08\\\/Afiche-Premio-Antonio-Gandarillas-red-714x1024.jpg\",\"articleSection\":[\"Noticias\"],\"inLanguage\":\"es\",\"potentialAction\":[{\"@type\":\"CommentAction\",\"name\":\"Comment\",\"target\":[\"https:\\\/\\\/www.proinpa.org\\\/web\\\/segunda-version-premio-antonio-gandarillas-antezana-para-tesis-de-grado-en-investigaciones-con-enfoque-de-agricultura-sostenible\\\/#respond\"]}]},{\"@type\":\"WebPage\",\"@id\":\"https:\\\/\\\/www.proinpa.org\\\/web\\\/segunda-version-premio-antonio-gandarillas-antezana-para-tesis-de-grado-en-investigaciones-con-enfoque-de-agricultura-sostenible\\\/\",\"url\":\"https:\\\/\\\/www.proinpa.org\\\/web\\\/segunda-version-premio-antonio-gandarillas-antezana-para-tesis-de-grado-en-investigaciones-con-enfoque-de-agricultura-sostenible\\\/\",\"name\":\"Segunda Versi\u00f3n - Premio \u201cAntonio Gandarillas Antezana\u201d Para Tesis de Grado en Investigaciones con enfoque de Agricultura Sostenible - Fundaci\u00f3n PROINPA\",\"isPartOf\":{\"@id\":\"https:\\\/\\\/www.proinpa.org\\\/web\\\/#website\"},\"primaryImageOfPage\":{\"@id\":\"https:\\\/\\\/www.proinpa.org\\\/web\\\/segunda-version-premio-antonio-gandarillas-antezana-para-tesis-de-grado-en-investigaciones-con-enfoque-de-agricultura-sostenible\\\/#primaryimage\"},\"image\":{\"@id\":\"https:\\\/\\\/www.proinpa.org\\\/web\\\/segunda-version-premio-antonio-gandarillas-antezana-para-tesis-de-grado-en-investigaciones-con-enfoque-de-agricultura-sostenible\\\/#primaryimage\"},\"thumbnailUrl\":\"https:\\\/\\\/www.proinpa.org\\\/web\\\/wp-content\\\/uploads\\\/2022\\\/08\\\/Afiche-Premio-Antonio-Gandarillas-red-714x1024.jpg\",\"datePublished\":\"2022-08-04T15:22:59+00:00\",\"dateModified\":\"2022-08-04T15:31:25+00:00\",\"breadcrumb\":{\"@id\":\"https:\\\/\\\/www.proinpa.org\\\/web\\\/segunda-version-premio-antonio-gandarillas-antezana-para-tesis-de-grado-en-investigaciones-con-enfoque-de-agricultura-sostenible\\\/#breadcrumb\"},\"inLanguage\":\"es\",\"potentialAction\":[{\"@type\":\"ReadAction\",\"target\":[\"https:\\\/\\\/www.proinpa.org\\\/web\\\/segunda-version-premio-antonio-gandarillas-antezana-para-tesis-de-grado-en-investigaciones-con-enfoque-de-agricultura-sostenible\\\/\"]}]},{\"@type\":\"ImageObject\",\"inLanguage\":\"es\",\"@id\":\"https:\\\/\\\/www.proinpa.org\\\/web\\\/segunda-version-premio-antonio-gandarillas-antezana-para-tesis-de-grado-en-investigaciones-con-enfoque-de-agricultura-sostenible\\\/#primaryimage\",\"url\":\"https:\\\/\\\/www.proinpa.org\\\/web\\\/wp-content\\\/uploads\\\/2022\\\/08\\\/Afiche-Premio-Antonio-Gandarillas-red.jpg\",\"contentUrl\":\"https:\\\/\\\/www.proinpa.org\\\/web\\\/wp-content\\\/uploads\\\/2022\\\/08\\\/Afiche-Premio-Antonio-Gandarillas-red.jpg\",\"width\":1209,\"height\":1733},{\"@type\":\"BreadcrumbList\",\"@id\":\"https:\\\/\\\/www.proinpa.org\\\/web\\\/segunda-version-premio-antonio-gandarillas-antezana-para-tesis-de-grado-en-investigaciones-con-enfoque-de-agricultura-sostenible\\\/#breadcrumb\",\"itemListElement\":[{\"@type\":\"ListItem\",\"position\":1,\"name\":\"Portada\",\"item\":\"https:\\\/\\\/www.proinpa.org\\\/web\\\/\"},{\"@type\":\"ListItem\",\"position\":2,\"name\":\"Segunda Versi\u00f3n &#8211; Premio \u201cAntonio Gandarillas Antezana\u201d Para Tesis de Grado en Investigaciones con enfoque de Agricultura Sostenible\"}]},{\"@type\":\"WebSite\",\"@id\":\"https:\\\/\\\/www.proinpa.org\\\/web\\\/#website\",\"url\":\"https:\\\/\\\/www.proinpa.org\\\/web\\\/\",\"name\":\"Fundaci\u00f3n PROINPA\",\"description\":\"Fundaci\u00f3n para la Promoci\u00f3n e Investigaci\u00f3n de Productos Andinos\",\"publisher\":{\"@id\":\"https:\\\/\\\/www.proinpa.org\\\/web\\\/#organization\"},\"potentialAction\":[{\"@type\":\"SearchAction\",\"target\":{\"@type\":\"EntryPoint\",\"urlTemplate\":\"https:\\\/\\\/www.proinpa.org\\\/web\\\/?s={search_term_string}\"},\"query-input\":{\"@type\":\"PropertyValueSpecification\",\"valueRequired\":true,\"valueName\":\"search_term_string\"}}],\"inLanguage\":\"es\"},{\"@type\":\"Organization\",\"@id\":\"https:\\\/\\\/www.proinpa.org\\\/web\\\/#organization\",\"name\":\"Fundaci\u00f3n Proinpa\",\"url\":\"https:\\\/\\\/www.proinpa.org\\\/web\\\/\",\"logo\":{\"@type\":\"ImageObject\",\"inLanguage\":\"es\",\"@id\":\"https:\\\/\\\/www.proinpa.org\\\/web\\\/#\\\/schema\\\/logo\\\/image\\\/\",\"url\":\"https:\\\/\\\/www.proinpa.org\\\/web\\\/wp-content\\\/uploads\\\/2019\\\/09\\\/logo_proinpa2.png\",\"contentUrl\":\"https:\\\/\\\/www.proinpa.org\\\/web\\\/wp-content\\\/uploads\\\/2019\\\/09\\\/logo_proinpa2.png\",\"width\":110,\"height\":85,\"caption\":\"Fundaci\u00f3n Proinpa\"},\"image\":{\"@id\":\"https:\\\/\\\/www.proinpa.org\\\/web\\\/#\\\/schema\\\/logo\\\/image\\\/\"},\"sameAs\":[\"https:\\\/\\\/www.facebook.com\\\/PROINPA\\\/\",\"https:\\\/\\\/www.youtube.com\\\/user\\\/FundacionPROINPA\"]},{\"@type\":\"Person\",\"@id\":\"https:\\\/\\\/www.proinpa.org\\\/web\\\/#\\\/schema\\\/person\\\/45c061441ecf3345210362bf2e3b9bf3\",\"name\":\"admin\",\"image\":{\"@type\":\"ImageObject\",\"inLanguage\":\"es\",\"@id\":\"https:\\\/\\\/secure.gravatar.com\\\/avatar\\\/31a7b56cca0f00bd1b14ed9dff837ca4ebd2af0a1b8e0cd993e6e798ab17104b?s=96&d=mm&r=g\",\"url\":\"https:\\\/\\\/secure.gravatar.com\\\/avatar\\\/31a7b56cca0f00bd1b14ed9dff837ca4ebd2af0a1b8e0cd993e6e798ab17104b?s=96&d=mm&r=g\",\"contentUrl\":\"https:\\\/\\\/secure.gravatar.com\\\/avatar\\\/31a7b56cca0f00bd1b14ed9dff837ca4ebd2af0a1b8e0cd993e6e798ab17104b?s=96&d=mm&r=g\",\"caption\":\"admin\"},\"url\":\"https:\\\/\\\/www.proinpa.org\\\/web\\\/author\\\/admin\\\/\"}]}<\/script>\n<!-- \/ Yoast SEO plugin. -->","yoast_head_json":{"title":"Segunda Versi\u00f3n - Premio \u201cAntonio Gandarillas Antezana\u201d Para Tesis de Grado en Investigaciones con enfoque de Agricultura Sostenible - Fundaci\u00f3n PROINPA","robots":{"index":"index","follow":"follow","max-snippet":"max-snippet:-1","max-image-preview":"max-image-preview:large","max-video-preview":"max-video-preview:-1"},"canonical":"https:\/\/www.proinpa.org\/web\/segunda-version-premio-antonio-gandarillas-antezana-para-tesis-de-grado-en-investigaciones-con-enfoque-de-agricultura-sostenible\/","og_locale":"es_ES","og_type":"article","og_title":"Segunda Versi\u00f3n - Premio \u201cAntonio Gandarillas Antezana\u201d Para Tesis de Grado en Investigaciones con enfoque de Agricultura Sostenible - Fundaci\u00f3n PROINPA","og_description":"I) INTRODUCCI\u00d3N Los cultivos de Bolivia manejados en sus diferentes regiones son muy importantes, porque generan significativos ingresos para su poblaci\u00f3n y el pa\u00eds en su conjunto. Sin embargo, a pesar de los esfuerzos la tecnolog\u00eda es insuficiente para lograr una producci\u00f3n sostenible, mejorar la productividad y para hacerlos m\u00e1s accesibles al consumo nacional. Por&hellip;&nbsp;Leer m\u00e1s &raquo;Segunda Versi\u00f3n &#8211; Premio \u201cAntonio Gandarillas Antezana\u201d Para Tesis de Grado en Investigaciones con enfoque de Agricultura Sostenible","og_url":"https:\/\/www.proinpa.org\/web\/segunda-version-premio-antonio-gandarillas-antezana-para-tesis-de-grado-en-investigaciones-con-enfoque-de-agricultura-sostenible\/","og_site_name":"Fundaci\u00f3n PROINPA","article_publisher":"https:\/\/www.facebook.com\/PROINPA\/","article_published_time":"2022-08-04T15:22:59+00:00","article_modified_time":"2022-08-04T15:31:25+00:00","og_image":[{"url":"https:\/\/www.proinpa.org\/web\/wp-content\/uploads\/2022\/08\/Afiche-Premio-Antonio-Gandarillas-red-714x1024.jpg","type":"","width":"","height":""}],"author":"admin","twitter_card":"summary_large_image","twitter_misc":{"Escrito por":"admin","Tiempo de lectura":"8 minutos"},"schema":{"@context":"https:\/\/schema.org","@graph":[{"@type":"Article","@id":"https:\/\/www.proinpa.org\/web\/segunda-version-premio-antonio-gandarillas-antezana-para-tesis-de-grado-en-investigaciones-con-enfoque-de-agricultura-sostenible\/#article","isPartOf":{"@id":"https:\/\/www.proinpa.org\/web\/segunda-version-premio-antonio-gandarillas-antezana-para-tesis-de-grado-en-investigaciones-con-enfoque-de-agricultura-sostenible\/"},"author":{"name":"admin","@id":"https:\/\/www.proinpa.org\/web\/#\/schema\/person\/45c061441ecf3345210362bf2e3b9bf3"},"headline":"Segunda Versi\u00f3n &#8211; Premio \u201cAntonio Gandarillas Antezana\u201d Para Tesis de Grado en Investigaciones con enfoque de Agricultura Sostenible","datePublished":"2022-08-04T15:22:59+00:00","dateModified":"2022-08-04T15:31:25+00:00","mainEntityOfPage":{"@id":"https:\/\/www.proinpa.org\/web\/segunda-version-premio-antonio-gandarillas-antezana-para-tesis-de-grado-en-investigaciones-con-enfoque-de-agricultura-sostenible\/"},"wordCount":1531,"commentCount":1,"publisher":{"@id":"https:\/\/www.proinpa.org\/web\/#organization"},"image":{"@id":"https:\/\/www.proinpa.org\/web\/segunda-version-premio-antonio-gandarillas-antezana-para-tesis-de-grado-en-investigaciones-con-enfoque-de-agricultura-sostenible\/#primaryimage"},"thumbnailUrl":"https:\/\/www.proinpa.org\/web\/wp-content\/uploads\/2022\/08\/Afiche-Premio-Antonio-Gandarillas-red-714x1024.jpg","articleSection":["Noticias"],"inLanguage":"es","potentialAction":[{"@type":"CommentAction","name":"Comment","target":["https:\/\/www.proinpa.org\/web\/segunda-version-premio-antonio-gandarillas-antezana-para-tesis-de-grado-en-investigaciones-con-enfoque-de-agricultura-sostenible\/#respond"]}]},{"@type":"WebPage","@id":"https:\/\/www.proinpa.org\/web\/segunda-version-premio-antonio-gandarillas-antezana-para-tesis-de-grado-en-investigaciones-con-enfoque-de-agricultura-sostenible\/","url":"https:\/\/www.proinpa.org\/web\/segunda-version-premio-antonio-gandarillas-antezana-para-tesis-de-grado-en-investigaciones-con-enfoque-de-agricultura-sostenible\/","name":"Segunda Versi\u00f3n - Premio \u201cAntonio Gandarillas Antezana\u201d Para Tesis de Grado en Investigaciones con enfoque de Agricultura Sostenible - Fundaci\u00f3n PROINPA","isPartOf":{"@id":"https:\/\/www.proinpa.org\/web\/#website"},"primaryImageOfPage":{"@id":"https:\/\/www.proinpa.org\/web\/segunda-version-premio-antonio-gandarillas-antezana-para-tesis-de-grado-en-investigaciones-con-enfoque-de-agricultura-sostenible\/#primaryimage"},"image":{"@id":"https:\/\/www.proinpa.org\/web\/segunda-version-premio-antonio-gandarillas-antezana-para-tesis-de-grado-en-investigaciones-con-enfoque-de-agricultura-sostenible\/#primaryimage"},"thumbnailUrl":"https:\/\/www.proinpa.org\/web\/wp-content\/uploads\/2022\/08\/Afiche-Premio-Antonio-Gandarillas-red-714x1024.jpg","datePublished":"2022-08-04T15:22:59+00:00","dateModified":"2022-08-04T15:31:25+00:00","breadcrumb":{"@id":"https:\/\/www.proinpa.org\/web\/segunda-version-premio-antonio-gandarillas-antezana-para-tesis-de-grado-en-investigaciones-con-enfoque-de-agricultura-sostenible\/#breadcrumb"},"inLanguage":"es","potentialAction":[{"@type":"ReadAction","target":["https:\/\/www.proinpa.org\/web\/segunda-version-premio-antonio-gandarillas-antezana-para-tesis-de-grado-en-investigaciones-con-enfoque-de-agricultura-sostenible\/"]}]},{"@type":"ImageObject","inLanguage":"es","@id":"https:\/\/www.proinpa.org\/web\/segunda-version-premio-antonio-gandarillas-antezana-para-tesis-de-grado-en-investigaciones-con-enfoque-de-agricultura-sostenible\/#primaryimage","url":"https:\/\/www.proinpa.org\/web\/wp-content\/uploads\/2022\/08\/Afiche-Premio-Antonio-Gandarillas-red.jpg","contentUrl":"https:\/\/www.proinpa.org\/web\/wp-content\/uploads\/2022\/08\/Afiche-Premio-Antonio-Gandarillas-red.jpg","width":1209,"height":1733},{"@type":"BreadcrumbList","@id":"https:\/\/www.proinpa.org\/web\/segunda-version-premio-antonio-gandarillas-antezana-para-tesis-de-grado-en-investigaciones-con-enfoque-de-agricultura-sostenible\/#breadcrumb","itemListElement":[{"@type":"ListItem","position":1,"name":"Portada","item":"https:\/\/www.proinpa.org\/web\/"},{"@type":"ListItem","position":2,"name":"Segunda Versi\u00f3n &#8211; Premio \u201cAntonio Gandarillas Antezana\u201d Para Tesis de Grado en Investigaciones con enfoque de Agricultura Sostenible"}]},{"@type":"WebSite","@id":"https:\/\/www.proinpa.org\/web\/#website","url":"https:\/\/www.proinpa.org\/web\/","name":"Fundaci\u00f3n PROINPA","description":"Fundaci\u00f3n para la Promoci\u00f3n e Investigaci\u00f3n de Productos Andinos","publisher":{"@id":"https:\/\/www.proinpa.org\/web\/#organization"},"potentialAction":[{"@type":"SearchAction","target":{"@type":"EntryPoint","urlTemplate":"https:\/\/www.proinpa.org\/web\/?s={search_term_string}"},"query-input":{"@type":"PropertyValueSpecification","valueRequired":true,"valueName":"search_term_string"}}],"inLanguage":"es"},{"@type":"Organization","@id":"https:\/\/www.proinpa.org\/web\/#organization","name":"Fundaci\u00f3n Proinpa","url":"https:\/\/www.proinpa.org\/web\/","logo":{"@type":"ImageObject","inLanguage":"es","@id":"https:\/\/www.proinpa.org\/web\/#\/schema\/logo\/image\/","url":"https:\/\/www.proinpa.org\/web\/wp-content\/uploads\/2019\/09\/logo_proinpa2.png","contentUrl":"https:\/\/www.proinpa.org\/web\/wp-content\/uploads\/2019\/09\/logo_proinpa2.png","width":110,"height":85,"caption":"Fundaci\u00f3n Proinpa"},"image":{"@id":"https:\/\/www.proinpa.org\/web\/#\/schema\/logo\/image\/"},"sameAs":["https:\/\/www.facebook.com\/PROINPA\/","https:\/\/www.youtube.com\/user\/FundacionPROINPA"]},{"@type":"Person","@id":"https:\/\/www.proinpa.org\/web\/#\/schema\/person\/45c061441ecf3345210362bf2e3b9bf3","name":"admin","image":{"@type":"ImageObject","inLanguage":"es","@id":"https:\/\/secure.gravatar.com\/avatar\/31a7b56cca0f00bd1b14ed9dff837ca4ebd2af0a1b8e0cd993e6e798ab17104b?s=96&d=mm&r=g","url":"https:\/\/secure.gravatar.com\/avatar\/31a7b56cca0f00bd1b14ed9dff837ca4ebd2af0a1b8e0cd993e6e798ab17104b?s=96&d=mm&r=g","contentUrl":"https:\/\/secure.gravatar.com\/avatar\/31a7b56cca0f00bd1b14ed9dff837ca4ebd2af0a1b8e0cd993e6e798ab17104b?s=96&d=mm&r=g","caption":"admin"},"url":"https:\/\/www.proinpa.org\/web\/author\/admin\/"}]}},"_links":{"self":[{"href":"https:\/\/www.proinpa.org\/web\/wp-json\/wp\/v2\/posts\/3043","targetHints":{"allow":["GET"]}}],"collection":[{"href":"https:\/\/www.proinpa.org\/web\/wp-json\/wp\/v2\/posts"}],"about":[{"href":"https:\/\/www.proinpa.org\/web\/wp-json\/wp\/v2\/types\/post"}],"author":[{"embeddable":true,"href":"https:\/\/www.proinpa.org\/web\/wp-json\/wp\/v2\/users\/4"}],"replies":[{"embeddable":true,"href":"https:\/\/www.proinpa.org\/web\/wp-json\/wp\/v2\/comments?post=3043"}],"version-history":[{"count":11,"href":"https:\/\/www.proinpa.org\/web\/wp-json\/wp\/v2\/posts\/3043\/revisions"}],"predecessor-version":[{"id":3057,"href":"https:\/\/www.proinpa.org\/web\/wp-json\/wp\/v2\/posts\/3043\/revisions\/3057"}],"wp:attachment":[{"href":"https:\/\/www.proinpa.org\/web\/wp-json\/wp\/v2\/media?parent=3043"}],"wp:term":[{"taxonomy":"category","embeddable":true,"href":"https:\/\/www.proinpa.org\/web\/wp-json\/wp\/v2\/categories?post=3043"},{"taxonomy":"post_tag","embeddable":true,"href":"https:\/\/www.proinpa.org\/web\/wp-json\/wp\/v2\/tags?post=3043"}],"curies":[{"name":"wp","href":"https:\/\/api.w.org\/{rel}","templated":true}]}}