{"id":5330,"date":"2025-09-29T12:06:33","date_gmt":"2025-09-29T16:06:33","guid":{"rendered":"https:\/\/www.proinpa.org\/web\/?p=5330"},"modified":"2025-09-29T12:11:08","modified_gmt":"2025-09-29T16:11:08","slug":"ancb-otorga-un-reconocimiento-a-la-labor-institucional-de-fundacion-proinpa","status":"publish","type":"post","link":"https:\/\/www.proinpa.org\/web\/ancb-otorga-un-reconocimiento-a-la-labor-institucional-de-fundacion-proinpa\/","title":{"rendered":"ANCB Otorga un Reconocimiento a la Labor Institucional de Fundaci\u00f3n PROINPA"},"content":{"rendered":"\t\t<div data-elementor-type=\"wp-post\" data-elementor-id=\"5330\" class=\"elementor elementor-5330\">\n\t\t\t\t\t\t<section class=\"elementor-section elementor-top-section elementor-element elementor-element-436812f elementor-section-boxed elementor-section-height-default elementor-section-height-default\" data-id=\"436812f\" data-element_type=\"section\" data-e-type=\"section\">\n\t\t\t\t\t\t<div class=\"elementor-container elementor-column-gap-default\">\n\t\t\t\t\t<div class=\"elementor-column elementor-col-100 elementor-top-column elementor-element elementor-element-be57789\" data-id=\"be57789\" data-element_type=\"column\" data-e-type=\"column\">\n\t\t\t<div class=\"elementor-widget-wrap elementor-element-populated\">\n\t\t\t\t\t\t<div class=\"elementor-element elementor-element-425b6a3 elementor-widget elementor-widget-text-editor\" data-id=\"425b6a3\" data-element_type=\"widget\" data-e-type=\"widget\" data-widget_type=\"text-editor.default\">\n\t\t\t\t<div class=\"elementor-widget-container\">\n\t\t\t\t\t\t\t\t\t<p>Ayer 24 de septiembre en la ciudad de La Paz la Academia Nacional de Ciencias de Bolivia otorg\u00f3 un reconocimiento a la Fundaci\u00f3n PROINPA por su Trayectoria Institucional, destacada por su constante y comprometida labor en la concreci\u00f3n de proyectos beneficiosos para el sector agropecuario del pa\u00eds mediante la gesti\u00f3n interinstitucional tanto en el interior como en el exterior de nuestra patria. Estas acciones ayudan a promover el esp\u00edritu investigativo y la producci\u00f3n cient\u00edfica de los profesionales en sus nuevas generaciones.<\/p><p>El Directorio, las Gerencias, Personal Administrativo y T\u00e9cnico de la instituci\u00f3n expresamos nuestro compromiso y agradecimiento por esta menci\u00f3n tan honrosa, es un orgullo poder aportar al desarrollo y cuidado del sector agropecuario no s\u00f3lo proponiendo sino tambi\u00e9n mostrando que es posible una realidad sostenible y productiva.<\/p>\t\t\t\t\t\t\t\t<\/div>\n\t\t\t\t<\/div>\n\t\t\t\t\t<\/div>\n\t\t<\/div>\n\t\t\t\t\t<\/div>\n\t\t<\/section>\n\t\t\t\t<section class=\"elementor-section elementor-top-section elementor-element elementor-element-2bd70d5 elementor-section-boxed elementor-section-height-default elementor-section-height-default\" data-id=\"2bd70d5\" data-element_type=\"section\" data-e-type=\"section\">\n\t\t\t\t\t\t<div class=\"elementor-container elementor-column-gap-default\">\n\t\t\t\t\t<div class=\"elementor-column elementor-col-50 elementor-top-column elementor-element elementor-element-c66a335\" data-id=\"c66a335\" data-element_type=\"column\" data-e-type=\"column\">\n\t\t\t<div class=\"elementor-widget-wrap elementor-element-populated\">\n\t\t\t\t\t\t<div class=\"elementor-element elementor-element-3f49692 elementor-widget elementor-widget-image\" data-id=\"3f49692\" data-element_type=\"widget\" data-e-type=\"widget\" data-widget_type=\"image.default\">\n\t\t\t\t<div class=\"elementor-widget-container\">\n\t\t\t\t\t\t\t\t\t\t\t\t\t\t\t<img fetchpriority=\"high\" decoding=\"async\" width=\"1024\" height=\"798\" src=\"https:\/\/www.proinpa.org\/web\/wp-content\/uploads\/2025\/09\/academia-1.jpg\" class=\"attachment-large size-large wp-image-5331\" alt=\"\" srcset=\"https:\/\/www.proinpa.org\/web\/wp-content\/uploads\/2025\/09\/academia-1.jpg 1024w, https:\/\/www.proinpa.org\/web\/wp-content\/uploads\/2025\/09\/academia-1-300x234.jpg 300w, https:\/\/www.proinpa.org\/web\/wp-content\/uploads\/2025\/09\/academia-1-768x599.jpg 768w, https:\/\/www.proinpa.org\/web\/wp-content\/uploads\/2025\/09\/academia-1-15x12.jpg 15w\" sizes=\"(max-width: 1024px) 100vw, 1024px\" \/>\t\t\t\t\t\t\t\t\t\t\t\t\t\t\t<\/div>\n\t\t\t\t<\/div>\n\t\t\t\t<div class=\"elementor-element elementor-element-613fd90 elementor-widget elementor-widget-image\" data-id=\"613fd90\" data-element_type=\"widget\" data-e-type=\"widget\" data-widget_type=\"image.default\">\n\t\t\t\t<div class=\"elementor-widget-container\">\n\t\t\t\t\t\t\t\t\t\t\t\t\t\t\t<img decoding=\"async\" width=\"837\" height=\"1024\" src=\"https:\/\/www.proinpa.org\/web\/wp-content\/uploads\/2025\/09\/academia-837x1024.jpg\" class=\"attachment-large size-large wp-image-5334\" alt=\"\" srcset=\"https:\/\/www.proinpa.org\/web\/wp-content\/uploads\/2025\/09\/academia-837x1024.jpg 837w, https:\/\/www.proinpa.org\/web\/wp-content\/uploads\/2025\/09\/academia-245x300.jpg 245w, https:\/\/www.proinpa.org\/web\/wp-content\/uploads\/2025\/09\/academia-768x940.jpg 768w, https:\/\/www.proinpa.org\/web\/wp-content\/uploads\/2025\/09\/academia-10x12.jpg 10w, https:\/\/www.proinpa.org\/web\/wp-content\/uploads\/2025\/09\/academia.jpg 1024w\" sizes=\"(max-width: 837px) 100vw, 837px\" \/>\t\t\t\t\t\t\t\t\t\t\t\t\t\t\t<\/div>\n\t\t\t\t<\/div>\n\t\t\t\t\t<\/div>\n\t\t<\/div>\n\t\t\t\t<div class=\"elementor-column elementor-col-50 elementor-top-column elementor-element elementor-element-d013106\" data-id=\"d013106\" data-element_type=\"column\" data-e-type=\"column\">\n\t\t\t<div class=\"elementor-widget-wrap elementor-element-populated\">\n\t\t\t\t\t\t<div class=\"elementor-element elementor-element-4d5a21c elementor-widget elementor-widget-image\" data-id=\"4d5a21c\" data-element_type=\"widget\" data-e-type=\"widget\" data-widget_type=\"image.default\">\n\t\t\t\t<div class=\"elementor-widget-container\">\n\t\t\t\t\t\t\t\t\t\t\t\t\t\t\t<img decoding=\"async\" width=\"577\" height=\"1024\" src=\"https:\/\/www.proinpa.org\/web\/wp-content\/uploads\/2025\/09\/WhatsApp-Image-2025-09-25-at-09.11.51-577x1024.jpg\" class=\"attachment-large size-large wp-image-5335\" alt=\"\" srcset=\"https:\/\/www.proinpa.org\/web\/wp-content\/uploads\/2025\/09\/WhatsApp-Image-2025-09-25-at-09.11.51-577x1024.jpg 577w, https:\/\/www.proinpa.org\/web\/wp-content\/uploads\/2025\/09\/WhatsApp-Image-2025-09-25-at-09.11.51-169x300.jpg 169w, https:\/\/www.proinpa.org\/web\/wp-content\/uploads\/2025\/09\/WhatsApp-Image-2025-09-25-at-09.11.51-768x1364.jpg 768w, https:\/\/www.proinpa.org\/web\/wp-content\/uploads\/2025\/09\/WhatsApp-Image-2025-09-25-at-09.11.51-865x1536.jpg 865w, https:\/\/www.proinpa.org\/web\/wp-content\/uploads\/2025\/09\/WhatsApp-Image-2025-09-25-at-09.11.51-7x12.jpg 7w, https:\/\/www.proinpa.org\/web\/wp-content\/uploads\/2025\/09\/WhatsApp-Image-2025-09-25-at-09.11.51.jpg 901w\" sizes=\"(max-width: 577px) 100vw, 577px\" \/>\t\t\t\t\t\t\t\t\t\t\t\t\t\t\t<\/div>\n\t\t\t\t<\/div>\n\t\t\t\t\t<\/div>\n\t\t<\/div>\n\t\t\t\t\t<\/div>\n\t\t<\/section>\n\t\t\t\t<section class=\"elementor-section elementor-top-section elementor-element elementor-element-a5233c0 elementor-section-boxed elementor-section-height-default elementor-section-height-default\" data-id=\"a5233c0\" data-element_type=\"section\" data-e-type=\"section\">\n\t\t\t\t\t\t<div class=\"elementor-container elementor-column-gap-default\">\n\t\t\t\t\t<div class=\"elementor-column elementor-col-50 elementor-top-column elementor-element elementor-element-71df1ca\" data-id=\"71df1ca\" data-element_type=\"column\" data-e-type=\"column\">\n\t\t\t<div class=\"elementor-widget-wrap elementor-element-populated\">\n\t\t\t\t\t\t<div class=\"elementor-element elementor-element-46b6100 elementor-widget elementor-widget-image\" data-id=\"46b6100\" data-element_type=\"widget\" data-e-type=\"widget\" data-widget_type=\"image.default\">\n\t\t\t\t<div class=\"elementor-widget-container\">\n\t\t\t\t\t\t\t\t\t\t\t\t\t\t\t<img loading=\"lazy\" decoding=\"async\" width=\"1024\" height=\"647\" src=\"https:\/\/www.proinpa.org\/web\/wp-content\/uploads\/2025\/09\/WhatsApp-Image-2025-09-25-at-09.11.52-1-1024x647.jpg\" class=\"attachment-large size-large wp-image-5336\" alt=\"\" srcset=\"https:\/\/www.proinpa.org\/web\/wp-content\/uploads\/2025\/09\/WhatsApp-Image-2025-09-25-at-09.11.52-1-1024x647.jpg 1024w, https:\/\/www.proinpa.org\/web\/wp-content\/uploads\/2025\/09\/WhatsApp-Image-2025-09-25-at-09.11.52-1-300x190.jpg 300w, https:\/\/www.proinpa.org\/web\/wp-content\/uploads\/2025\/09\/WhatsApp-Image-2025-09-25-at-09.11.52-1-768x485.jpg 768w, https:\/\/www.proinpa.org\/web\/wp-content\/uploads\/2025\/09\/WhatsApp-Image-2025-09-25-at-09.11.52-1-18x12.jpg 18w, https:\/\/www.proinpa.org\/web\/wp-content\/uploads\/2025\/09\/WhatsApp-Image-2025-09-25-at-09.11.52-1.jpg 1362w\" sizes=\"(max-width: 1024px) 100vw, 1024px\" \/>\t\t\t\t\t\t\t\t\t\t\t\t\t\t\t<\/div>\n\t\t\t\t<\/div>\n\t\t\t\t\t<\/div>\n\t\t<\/div>\n\t\t\t\t<div class=\"elementor-column elementor-col-50 elementor-top-column elementor-element elementor-element-8fa99b4\" data-id=\"8fa99b4\" data-element_type=\"column\" data-e-type=\"column\">\n\t\t\t<div class=\"elementor-widget-wrap elementor-element-populated\">\n\t\t\t\t\t\t<div class=\"elementor-element elementor-element-8aad829 elementor-widget elementor-widget-image\" data-id=\"8aad829\" data-element_type=\"widget\" data-e-type=\"widget\" data-widget_type=\"image.default\">\n\t\t\t\t<div class=\"elementor-widget-container\">\n\t\t\t\t\t\t\t\t\t\t\t\t\t\t\t<img loading=\"lazy\" decoding=\"async\" width=\"768\" height=\"1024\" src=\"https:\/\/www.proinpa.org\/web\/wp-content\/uploads\/2025\/09\/WhatsApp-Image-2025-09-25-at-09.11.56-768x1024.jpg\" class=\"attachment-large size-large wp-image-5337\" alt=\"\" srcset=\"https:\/\/www.proinpa.org\/web\/wp-content\/uploads\/2025\/09\/WhatsApp-Image-2025-09-25-at-09.11.56-768x1024.jpg 768w, https:\/\/www.proinpa.org\/web\/wp-content\/uploads\/2025\/09\/WhatsApp-Image-2025-09-25-at-09.11.56-225x300.jpg 225w, https:\/\/www.proinpa.org\/web\/wp-content\/uploads\/2025\/09\/WhatsApp-Image-2025-09-25-at-09.11.56-1152x1536.jpg 1152w, https:\/\/www.proinpa.org\/web\/wp-content\/uploads\/2025\/09\/WhatsApp-Image-2025-09-25-at-09.11.56-9x12.jpg 9w, https:\/\/www.proinpa.org\/web\/wp-content\/uploads\/2025\/09\/WhatsApp-Image-2025-09-25-at-09.11.56.jpg 1200w\" sizes=\"(max-width: 768px) 100vw, 768px\" \/>\t\t\t\t\t\t\t\t\t\t\t\t\t\t\t<\/div>\n\t\t\t\t<\/div>\n\t\t\t\t\t<\/div>\n\t\t<\/div>\n\t\t\t\t\t<\/div>\n\t\t<\/section>\n\t\t\t\t<\/div>\n\t\t","protected":false},"excerpt":{"rendered":"<p>Ayer 24 de septiembre en la ciudad de La Paz la Academia Nacional de Ciencias de Bolivia otorg\u00f3 un reconocimiento a la Fundaci\u00f3n PROINPA por su Trayectoria Institucional, destacada por su constante y comprometida labor en la concreci\u00f3n de proyectos beneficiosos para el sector agropecuario del pa\u00eds mediante la gesti\u00f3n interinstitucional tanto en el interior&hellip;&nbsp;<a href=\"https:\/\/www.proinpa.org\/web\/ancb-otorga-un-reconocimiento-a-la-labor-institucional-de-fundacion-proinpa\/\" rel=\"bookmark\">Leer m\u00e1s &raquo;<span class=\"screen-reader-text\">ANCB Otorga un Reconocimiento a la Labor Institucional de Fundaci\u00f3n PROINPA<\/span><\/a><\/p>\n","protected":false},"author":4,"featured_media":5331,"comment_status":"open","ping_status":"open","sticky":false,"template":"","format":"standard","meta":{"neve_meta_sidebar":"","neve_meta_container":"","neve_meta_enable_content_width":"off","neve_meta_content_width":70,"neve_meta_title_alignment":"","neve_meta_author_avatar":"","neve_post_elements_order":"","neve_meta_disable_header":"","neve_meta_disable_footer":"","neve_meta_disable_title":"","footnotes":""},"categories":[26],"tags":[],"class_list":["post-5330","post","type-post","status-publish","format-standard","has-post-thumbnail","hentry","category-noticias"],"yoast_head":"<!-- This site is optimized with the Yoast SEO plugin v27.4 - https:\/\/yoast.com\/product\/yoast-seo-wordpress\/ -->\n<title>ANCB Otorga un Reconocimiento a la Labor Institucional de Fundaci\u00f3n PROINPA - Fundaci\u00f3n PROINPA<\/title>\n<meta name=\"robots\" content=\"index, follow, max-snippet:-1, max-image-preview:large, max-video-preview:-1\" \/>\n<link rel=\"canonical\" href=\"https:\/\/www.proinpa.org\/web\/ancb-otorga-un-reconocimiento-a-la-labor-institucional-de-fundacion-proinpa\/\" \/>\n<meta property=\"og:locale\" content=\"es_ES\" \/>\n<meta property=\"og:type\" content=\"article\" \/>\n<meta property=\"og:title\" content=\"ANCB Otorga un Reconocimiento a la Labor Institucional de Fundaci\u00f3n PROINPA - Fundaci\u00f3n PROINPA\" \/>\n<meta property=\"og:description\" content=\"Ayer 24 de septiembre en la ciudad de La Paz la Academia Nacional de Ciencias de Bolivia otorg\u00f3 un reconocimiento a la Fundaci\u00f3n PROINPA por su Trayectoria Institucional, destacada por su constante y comprometida labor en la concreci\u00f3n de proyectos beneficiosos para el sector agropecuario del pa\u00eds mediante la gesti\u00f3n interinstitucional tanto en el interior&hellip;&nbsp;Leer m\u00e1s &raquo;ANCB Otorga un Reconocimiento a la Labor Institucional de Fundaci\u00f3n PROINPA\" \/>\n<meta property=\"og:url\" content=\"https:\/\/www.proinpa.org\/web\/ancb-otorga-un-reconocimiento-a-la-labor-institucional-de-fundacion-proinpa\/\" \/>\n<meta property=\"og:site_name\" content=\"Fundaci\u00f3n PROINPA\" \/>\n<meta property=\"article:publisher\" content=\"https:\/\/www.facebook.com\/PROINPA\/\" \/>\n<meta property=\"article:published_time\" content=\"2025-09-29T16:06:33+00:00\" \/>\n<meta property=\"article:modified_time\" content=\"2025-09-29T16:11:08+00:00\" \/>\n<meta property=\"og:image\" content=\"https:\/\/www.proinpa.org\/web\/wp-content\/uploads\/2025\/09\/academia-1.jpg\" \/>\n\t<meta property=\"og:image:width\" content=\"1024\" \/>\n\t<meta property=\"og:image:height\" content=\"798\" \/>\n\t<meta property=\"og:image:type\" content=\"image\/jpeg\" \/>\n<meta name=\"author\" content=\"admin\" \/>\n<meta name=\"twitter:card\" content=\"summary_large_image\" \/>\n<meta name=\"twitter:label1\" content=\"Escrito por\" \/>\n\t<meta name=\"twitter:data1\" content=\"admin\" \/>\n\t<meta name=\"twitter:label2\" content=\"Tiempo de lectura\" \/>\n\t<meta name=\"twitter:data2\" content=\"1 minuto\" \/>\n<script type=\"application\/ld+json\" class=\"yoast-schema-graph\">{\"@context\":\"https:\\\/\\\/schema.org\",\"@graph\":[{\"@type\":\"Article\",\"@id\":\"https:\\\/\\\/www.proinpa.org\\\/web\\\/ancb-otorga-un-reconocimiento-a-la-labor-institucional-de-fundacion-proinpa\\\/#article\",\"isPartOf\":{\"@id\":\"https:\\\/\\\/www.proinpa.org\\\/web\\\/ancb-otorga-un-reconocimiento-a-la-labor-institucional-de-fundacion-proinpa\\\/\"},\"author\":{\"name\":\"admin\",\"@id\":\"https:\\\/\\\/www.proinpa.org\\\/web\\\/#\\\/schema\\\/person\\\/45c061441ecf3345210362bf2e3b9bf3\"},\"headline\":\"ANCB Otorga un Reconocimiento a la Labor Institucional de Fundaci\u00f3n PROINPA\",\"datePublished\":\"2025-09-29T16:06:33+00:00\",\"dateModified\":\"2025-09-29T16:11:08+00:00\",\"mainEntityOfPage\":{\"@id\":\"https:\\\/\\\/www.proinpa.org\\\/web\\\/ancb-otorga-un-reconocimiento-a-la-labor-institucional-de-fundacion-proinpa\\\/\"},\"wordCount\":151,\"commentCount\":0,\"publisher\":{\"@id\":\"https:\\\/\\\/www.proinpa.org\\\/web\\\/#organization\"},\"image\":{\"@id\":\"https:\\\/\\\/www.proinpa.org\\\/web\\\/ancb-otorga-un-reconocimiento-a-la-labor-institucional-de-fundacion-proinpa\\\/#primaryimage\"},\"thumbnailUrl\":\"https:\\\/\\\/www.proinpa.org\\\/web\\\/wp-content\\\/uploads\\\/2025\\\/09\\\/academia-1.jpg\",\"articleSection\":[\"Noticias\"],\"inLanguage\":\"es\",\"potentialAction\":[{\"@type\":\"CommentAction\",\"name\":\"Comment\",\"target\":[\"https:\\\/\\\/www.proinpa.org\\\/web\\\/ancb-otorga-un-reconocimiento-a-la-labor-institucional-de-fundacion-proinpa\\\/#respond\"]}]},{\"@type\":\"WebPage\",\"@id\":\"https:\\\/\\\/www.proinpa.org\\\/web\\\/ancb-otorga-un-reconocimiento-a-la-labor-institucional-de-fundacion-proinpa\\\/\",\"url\":\"https:\\\/\\\/www.proinpa.org\\\/web\\\/ancb-otorga-un-reconocimiento-a-la-labor-institucional-de-fundacion-proinpa\\\/\",\"name\":\"ANCB Otorga un Reconocimiento a la Labor Institucional de Fundaci\u00f3n PROINPA - Fundaci\u00f3n PROINPA\",\"isPartOf\":{\"@id\":\"https:\\\/\\\/www.proinpa.org\\\/web\\\/#website\"},\"primaryImageOfPage\":{\"@id\":\"https:\\\/\\\/www.proinpa.org\\\/web\\\/ancb-otorga-un-reconocimiento-a-la-labor-institucional-de-fundacion-proinpa\\\/#primaryimage\"},\"image\":{\"@id\":\"https:\\\/\\\/www.proinpa.org\\\/web\\\/ancb-otorga-un-reconocimiento-a-la-labor-institucional-de-fundacion-proinpa\\\/#primaryimage\"},\"thumbnailUrl\":\"https:\\\/\\\/www.proinpa.org\\\/web\\\/wp-content\\\/uploads\\\/2025\\\/09\\\/academia-1.jpg\",\"datePublished\":\"2025-09-29T16:06:33+00:00\",\"dateModified\":\"2025-09-29T16:11:08+00:00\",\"breadcrumb\":{\"@id\":\"https:\\\/\\\/www.proinpa.org\\\/web\\\/ancb-otorga-un-reconocimiento-a-la-labor-institucional-de-fundacion-proinpa\\\/#breadcrumb\"},\"inLanguage\":\"es\",\"potentialAction\":[{\"@type\":\"ReadAction\",\"target\":[\"https:\\\/\\\/www.proinpa.org\\\/web\\\/ancb-otorga-un-reconocimiento-a-la-labor-institucional-de-fundacion-proinpa\\\/\"]}]},{\"@type\":\"ImageObject\",\"inLanguage\":\"es\",\"@id\":\"https:\\\/\\\/www.proinpa.org\\\/web\\\/ancb-otorga-un-reconocimiento-a-la-labor-institucional-de-fundacion-proinpa\\\/#primaryimage\",\"url\":\"https:\\\/\\\/www.proinpa.org\\\/web\\\/wp-content\\\/uploads\\\/2025\\\/09\\\/academia-1.jpg\",\"contentUrl\":\"https:\\\/\\\/www.proinpa.org\\\/web\\\/wp-content\\\/uploads\\\/2025\\\/09\\\/academia-1.jpg\",\"width\":1024,\"height\":798},{\"@type\":\"BreadcrumbList\",\"@id\":\"https:\\\/\\\/www.proinpa.org\\\/web\\\/ancb-otorga-un-reconocimiento-a-la-labor-institucional-de-fundacion-proinpa\\\/#breadcrumb\",\"itemListElement\":[{\"@type\":\"ListItem\",\"position\":1,\"name\":\"Portada\",\"item\":\"https:\\\/\\\/www.proinpa.org\\\/web\\\/\"},{\"@type\":\"ListItem\",\"position\":2,\"name\":\"ANCB Otorga un Reconocimiento a la Labor Institucional de Fundaci\u00f3n PROINPA\"}]},{\"@type\":\"WebSite\",\"@id\":\"https:\\\/\\\/www.proinpa.org\\\/web\\\/#website\",\"url\":\"https:\\\/\\\/www.proinpa.org\\\/web\\\/\",\"name\":\"Fundaci\u00f3n PROINPA\",\"description\":\"Fundaci\u00f3n para la Promoci\u00f3n e Investigaci\u00f3n de Productos Andinos\",\"publisher\":{\"@id\":\"https:\\\/\\\/www.proinpa.org\\\/web\\\/#organization\"},\"potentialAction\":[{\"@type\":\"SearchAction\",\"target\":{\"@type\":\"EntryPoint\",\"urlTemplate\":\"https:\\\/\\\/www.proinpa.org\\\/web\\\/?s={search_term_string}\"},\"query-input\":{\"@type\":\"PropertyValueSpecification\",\"valueRequired\":true,\"valueName\":\"search_term_string\"}}],\"inLanguage\":\"es\"},{\"@type\":\"Organization\",\"@id\":\"https:\\\/\\\/www.proinpa.org\\\/web\\\/#organization\",\"name\":\"Fundaci\u00f3n Proinpa\",\"url\":\"https:\\\/\\\/www.proinpa.org\\\/web\\\/\",\"logo\":{\"@type\":\"ImageObject\",\"inLanguage\":\"es\",\"@id\":\"https:\\\/\\\/www.proinpa.org\\\/web\\\/#\\\/schema\\\/logo\\\/image\\\/\",\"url\":\"https:\\\/\\\/www.proinpa.org\\\/web\\\/wp-content\\\/uploads\\\/2019\\\/09\\\/logo_proinpa2.png\",\"contentUrl\":\"https:\\\/\\\/www.proinpa.org\\\/web\\\/wp-content\\\/uploads\\\/2019\\\/09\\\/logo_proinpa2.png\",\"width\":110,\"height\":85,\"caption\":\"Fundaci\u00f3n Proinpa\"},\"image\":{\"@id\":\"https:\\\/\\\/www.proinpa.org\\\/web\\\/#\\\/schema\\\/logo\\\/image\\\/\"},\"sameAs\":[\"https:\\\/\\\/www.facebook.com\\\/PROINPA\\\/\",\"https:\\\/\\\/www.youtube.com\\\/user\\\/FundacionPROINPA\"]},{\"@type\":\"Person\",\"@id\":\"https:\\\/\\\/www.proinpa.org\\\/web\\\/#\\\/schema\\\/person\\\/45c061441ecf3345210362bf2e3b9bf3\",\"name\":\"admin\",\"image\":{\"@type\":\"ImageObject\",\"inLanguage\":\"es\",\"@id\":\"https:\\\/\\\/secure.gravatar.com\\\/avatar\\\/31a7b56cca0f00bd1b14ed9dff837ca4ebd2af0a1b8e0cd993e6e798ab17104b?s=96&d=mm&r=g\",\"url\":\"https:\\\/\\\/secure.gravatar.com\\\/avatar\\\/31a7b56cca0f00bd1b14ed9dff837ca4ebd2af0a1b8e0cd993e6e798ab17104b?s=96&d=mm&r=g\",\"contentUrl\":\"https:\\\/\\\/secure.gravatar.com\\\/avatar\\\/31a7b56cca0f00bd1b14ed9dff837ca4ebd2af0a1b8e0cd993e6e798ab17104b?s=96&d=mm&r=g\",\"caption\":\"admin\"},\"url\":\"https:\\\/\\\/www.proinpa.org\\\/web\\\/author\\\/admin\\\/\"}]}<\/script>\n<!-- \/ Yoast SEO plugin. -->","yoast_head_json":{"title":"ANCB Otorga un Reconocimiento a la Labor Institucional de Fundaci\u00f3n PROINPA - Fundaci\u00f3n PROINPA","robots":{"index":"index","follow":"follow","max-snippet":"max-snippet:-1","max-image-preview":"max-image-preview:large","max-video-preview":"max-video-preview:-1"},"canonical":"https:\/\/www.proinpa.org\/web\/ancb-otorga-un-reconocimiento-a-la-labor-institucional-de-fundacion-proinpa\/","og_locale":"es_ES","og_type":"article","og_title":"ANCB Otorga un Reconocimiento a la Labor Institucional de Fundaci\u00f3n PROINPA - Fundaci\u00f3n PROINPA","og_description":"Ayer 24 de septiembre en la ciudad de La Paz la Academia Nacional de Ciencias de Bolivia otorg\u00f3 un reconocimiento a la Fundaci\u00f3n PROINPA por su Trayectoria Institucional, destacada por su constante y comprometida labor en la concreci\u00f3n de proyectos beneficiosos para el sector agropecuario del pa\u00eds mediante la gesti\u00f3n interinstitucional tanto en el interior&hellip;&nbsp;Leer m\u00e1s &raquo;ANCB Otorga un Reconocimiento a la Labor Institucional de Fundaci\u00f3n PROINPA","og_url":"https:\/\/www.proinpa.org\/web\/ancb-otorga-un-reconocimiento-a-la-labor-institucional-de-fundacion-proinpa\/","og_site_name":"Fundaci\u00f3n PROINPA","article_publisher":"https:\/\/www.facebook.com\/PROINPA\/","article_published_time":"2025-09-29T16:06:33+00:00","article_modified_time":"2025-09-29T16:11:08+00:00","og_image":[{"width":1024,"height":798,"url":"https:\/\/www.proinpa.org\/web\/wp-content\/uploads\/2025\/09\/academia-1.jpg","type":"image\/jpeg"}],"author":"admin","twitter_card":"summary_large_image","twitter_misc":{"Escrito por":"admin","Tiempo de lectura":"1 minuto"},"schema":{"@context":"https:\/\/schema.org","@graph":[{"@type":"Article","@id":"https:\/\/www.proinpa.org\/web\/ancb-otorga-un-reconocimiento-a-la-labor-institucional-de-fundacion-proinpa\/#article","isPartOf":{"@id":"https:\/\/www.proinpa.org\/web\/ancb-otorga-un-reconocimiento-a-la-labor-institucional-de-fundacion-proinpa\/"},"author":{"name":"admin","@id":"https:\/\/www.proinpa.org\/web\/#\/schema\/person\/45c061441ecf3345210362bf2e3b9bf3"},"headline":"ANCB Otorga un Reconocimiento a la Labor Institucional de Fundaci\u00f3n PROINPA","datePublished":"2025-09-29T16:06:33+00:00","dateModified":"2025-09-29T16:11:08+00:00","mainEntityOfPage":{"@id":"https:\/\/www.proinpa.org\/web\/ancb-otorga-un-reconocimiento-a-la-labor-institucional-de-fundacion-proinpa\/"},"wordCount":151,"commentCount":0,"publisher":{"@id":"https:\/\/www.proinpa.org\/web\/#organization"},"image":{"@id":"https:\/\/www.proinpa.org\/web\/ancb-otorga-un-reconocimiento-a-la-labor-institucional-de-fundacion-proinpa\/#primaryimage"},"thumbnailUrl":"https:\/\/www.proinpa.org\/web\/wp-content\/uploads\/2025\/09\/academia-1.jpg","articleSection":["Noticias"],"inLanguage":"es","potentialAction":[{"@type":"CommentAction","name":"Comment","target":["https:\/\/www.proinpa.org\/web\/ancb-otorga-un-reconocimiento-a-la-labor-institucional-de-fundacion-proinpa\/#respond"]}]},{"@type":"WebPage","@id":"https:\/\/www.proinpa.org\/web\/ancb-otorga-un-reconocimiento-a-la-labor-institucional-de-fundacion-proinpa\/","url":"https:\/\/www.proinpa.org\/web\/ancb-otorga-un-reconocimiento-a-la-labor-institucional-de-fundacion-proinpa\/","name":"ANCB Otorga un Reconocimiento a la Labor Institucional de Fundaci\u00f3n PROINPA - Fundaci\u00f3n PROINPA","isPartOf":{"@id":"https:\/\/www.proinpa.org\/web\/#website"},"primaryImageOfPage":{"@id":"https:\/\/www.proinpa.org\/web\/ancb-otorga-un-reconocimiento-a-la-labor-institucional-de-fundacion-proinpa\/#primaryimage"},"image":{"@id":"https:\/\/www.proinpa.org\/web\/ancb-otorga-un-reconocimiento-a-la-labor-institucional-de-fundacion-proinpa\/#primaryimage"},"thumbnailUrl":"https:\/\/www.proinpa.org\/web\/wp-content\/uploads\/2025\/09\/academia-1.jpg","datePublished":"2025-09-29T16:06:33+00:00","dateModified":"2025-09-29T16:11:08+00:00","breadcrumb":{"@id":"https:\/\/www.proinpa.org\/web\/ancb-otorga-un-reconocimiento-a-la-labor-institucional-de-fundacion-proinpa\/#breadcrumb"},"inLanguage":"es","potentialAction":[{"@type":"ReadAction","target":["https:\/\/www.proinpa.org\/web\/ancb-otorga-un-reconocimiento-a-la-labor-institucional-de-fundacion-proinpa\/"]}]},{"@type":"ImageObject","inLanguage":"es","@id":"https:\/\/www.proinpa.org\/web\/ancb-otorga-un-reconocimiento-a-la-labor-institucional-de-fundacion-proinpa\/#primaryimage","url":"https:\/\/www.proinpa.org\/web\/wp-content\/uploads\/2025\/09\/academia-1.jpg","contentUrl":"https:\/\/www.proinpa.org\/web\/wp-content\/uploads\/2025\/09\/academia-1.jpg","width":1024,"height":798},{"@type":"BreadcrumbList","@id":"https:\/\/www.proinpa.org\/web\/ancb-otorga-un-reconocimiento-a-la-labor-institucional-de-fundacion-proinpa\/#breadcrumb","itemListElement":[{"@type":"ListItem","position":1,"name":"Portada","item":"https:\/\/www.proinpa.org\/web\/"},{"@type":"ListItem","position":2,"name":"ANCB Otorga un Reconocimiento a la Labor Institucional de Fundaci\u00f3n PROINPA"}]},{"@type":"WebSite","@id":"https:\/\/www.proinpa.org\/web\/#website","url":"https:\/\/www.proinpa.org\/web\/","name":"Fundaci\u00f3n PROINPA","description":"Fundaci\u00f3n para la Promoci\u00f3n e Investigaci\u00f3n de Productos Andinos","publisher":{"@id":"https:\/\/www.proinpa.org\/web\/#organization"},"potentialAction":[{"@type":"SearchAction","target":{"@type":"EntryPoint","urlTemplate":"https:\/\/www.proinpa.org\/web\/?s={search_term_string}"},"query-input":{"@type":"PropertyValueSpecification","valueRequired":true,"valueName":"search_term_string"}}],"inLanguage":"es"},{"@type":"Organization","@id":"https:\/\/www.proinpa.org\/web\/#organization","name":"Fundaci\u00f3n Proinpa","url":"https:\/\/www.proinpa.org\/web\/","logo":{"@type":"ImageObject","inLanguage":"es","@id":"https:\/\/www.proinpa.org\/web\/#\/schema\/logo\/image\/","url":"https:\/\/www.proinpa.org\/web\/wp-content\/uploads\/2019\/09\/logo_proinpa2.png","contentUrl":"https:\/\/www.proinpa.org\/web\/wp-content\/uploads\/2019\/09\/logo_proinpa2.png","width":110,"height":85,"caption":"Fundaci\u00f3n Proinpa"},"image":{"@id":"https:\/\/www.proinpa.org\/web\/#\/schema\/logo\/image\/"},"sameAs":["https:\/\/www.facebook.com\/PROINPA\/","https:\/\/www.youtube.com\/user\/FundacionPROINPA"]},{"@type":"Person","@id":"https:\/\/www.proinpa.org\/web\/#\/schema\/person\/45c061441ecf3345210362bf2e3b9bf3","name":"admin","image":{"@type":"ImageObject","inLanguage":"es","@id":"https:\/\/secure.gravatar.com\/avatar\/31a7b56cca0f00bd1b14ed9dff837ca4ebd2af0a1b8e0cd993e6e798ab17104b?s=96&d=mm&r=g","url":"https:\/\/secure.gravatar.com\/avatar\/31a7b56cca0f00bd1b14ed9dff837ca4ebd2af0a1b8e0cd993e6e798ab17104b?s=96&d=mm&r=g","contentUrl":"https:\/\/secure.gravatar.com\/avatar\/31a7b56cca0f00bd1b14ed9dff837ca4ebd2af0a1b8e0cd993e6e798ab17104b?s=96&d=mm&r=g","caption":"admin"},"url":"https:\/\/www.proinpa.org\/web\/author\/admin\/"}]}},"_links":{"self":[{"href":"https:\/\/www.proinpa.org\/web\/wp-json\/wp\/v2\/posts\/5330","targetHints":{"allow":["GET"]}}],"collection":[{"href":"https:\/\/www.proinpa.org\/web\/wp-json\/wp\/v2\/posts"}],"about":[{"href":"https:\/\/www.proinpa.org\/web\/wp-json\/wp\/v2\/types\/post"}],"author":[{"embeddable":true,"href":"https:\/\/www.proinpa.org\/web\/wp-json\/wp\/v2\/users\/4"}],"replies":[{"embeddable":true,"href":"https:\/\/www.proinpa.org\/web\/wp-json\/wp\/v2\/comments?post=5330"}],"version-history":[{"count":4,"href":"https:\/\/www.proinpa.org\/web\/wp-json\/wp\/v2\/posts\/5330\/revisions"}],"predecessor-version":[{"id":5340,"href":"https:\/\/www.proinpa.org\/web\/wp-json\/wp\/v2\/posts\/5330\/revisions\/5340"}],"wp:featuredmedia":[{"embeddable":true,"href":"https:\/\/www.proinpa.org\/web\/wp-json\/wp\/v2\/media\/5331"}],"wp:attachment":[{"href":"https:\/\/www.proinpa.org\/web\/wp-json\/wp\/v2\/media?parent=5330"}],"wp:term":[{"taxonomy":"category","embeddable":true,"href":"https:\/\/www.proinpa.org\/web\/wp-json\/wp\/v2\/categories?post=5330"},{"taxonomy":"post_tag","embeddable":true,"href":"https:\/\/www.proinpa.org\/web\/wp-json\/wp\/v2\/tags?post=5330"}],"curies":[{"name":"wp","href":"https:\/\/api.w.org\/{rel}","templated":true}]}}