{"id":5721,"date":"2026-03-10T09:39:48","date_gmt":"2026-03-10T13:39:48","guid":{"rendered":"https:\/\/www.proinpa.org\/web\/?p=5721"},"modified":"2026-04-30T11:30:55","modified_gmt":"2026-04-30T15:30:55","slug":"al-invest-impulsa-el-dia-de-campo-en-uyuni-y-fortalece-la-adopcion-de-practicas-regenerativas-en-la-produccion-de-quinua-real","status":"publish","type":"post","link":"https:\/\/www.proinpa.org\/web\/al-invest-impulsa-el-dia-de-campo-en-uyuni-y-fortalece-la-adopcion-de-practicas-regenerativas-en-la-produccion-de-quinua-real\/","title":{"rendered":"AL &#8211; INVEST impulsa el d\u00eda de campo en Uyuni y fortalece la adopci\u00f3n de pr\u00e1cticas regenerativas en la producci\u00f3n de Quinua Real"},"content":{"rendered":"\t\t<div data-elementor-type=\"wp-post\" data-elementor-id=\"5721\" class=\"elementor elementor-5721\">\n\t\t\t\t\t\t<section class=\"elementor-section elementor-top-section elementor-element elementor-element-d9f4822 elementor-section-boxed elementor-section-height-default elementor-section-height-default\" data-id=\"d9f4822\" data-element_type=\"section\" data-e-type=\"section\">\n\t\t\t\t\t\t<div class=\"elementor-container elementor-column-gap-default\">\n\t\t\t\t\t<div class=\"elementor-column elementor-col-100 elementor-top-column elementor-element elementor-element-3ece661\" data-id=\"3ece661\" data-element_type=\"column\" data-e-type=\"column\">\n\t\t\t<div class=\"elementor-widget-wrap elementor-element-populated\">\n\t\t\t\t\t\t<div class=\"elementor-element elementor-element-8a1daa1 elementor-widget elementor-widget-heading\" data-id=\"8a1daa1\" data-element_type=\"widget\" data-e-type=\"widget\" data-widget_type=\"heading.default\">\n\t\t\t\t<div class=\"elementor-widget-container\">\n\t\t\t\t\t<h2 class=\"elementor-heading-title elementor-size-default\">D\u00eda de campo en Uyuni fortalece la adopci\u00f3n de pr\u00e1cticas regenerativas en la producci\u00f3n de Quinua Real<\/h2>\t\t\t\t<\/div>\n\t\t\t\t<\/div>\n\t\t\t\t\t<\/div>\n\t\t<\/div>\n\t\t\t\t\t<\/div>\n\t\t<\/section>\n\t\t\t\t<section class=\"elementor-section elementor-top-section elementor-element elementor-element-d61f2d1 elementor-section-boxed elementor-section-height-default elementor-section-height-default\" data-id=\"d61f2d1\" data-element_type=\"section\" data-e-type=\"section\">\n\t\t\t\t\t\t<div class=\"elementor-container elementor-column-gap-default\">\n\t\t\t\t\t<div class=\"elementor-column elementor-col-100 elementor-top-column elementor-element elementor-element-c1cc7cb\" data-id=\"c1cc7cb\" data-element_type=\"column\" data-e-type=\"column\">\n\t\t\t<div class=\"elementor-widget-wrap elementor-element-populated\">\n\t\t\t\t\t\t<div class=\"elementor-element elementor-element-12b6b07 elementor-arrows-position-inside elementor-pagination-position-outside elementor-widget elementor-widget-image-carousel\" data-id=\"12b6b07\" data-element_type=\"widget\" data-e-type=\"widget\" data-settings=\"{&quot;slides_to_show&quot;:&quot;1&quot;,&quot;navigation&quot;:&quot;both&quot;,&quot;autoplay&quot;:&quot;yes&quot;,&quot;pause_on_hover&quot;:&quot;yes&quot;,&quot;pause_on_interaction&quot;:&quot;yes&quot;,&quot;autoplay_speed&quot;:5000,&quot;infinite&quot;:&quot;yes&quot;,&quot;effect&quot;:&quot;slide&quot;,&quot;speed&quot;:500}\" data-widget_type=\"image-carousel.default\">\n\t\t\t\t<div class=\"elementor-widget-container\">\n\t\t\t\t\t\t\t<div class=\"elementor-image-carousel-wrapper swiper\" role=\"region\" aria-roledescription=\"carousel\" aria-label=\"Carrusel de im\u00e1genes\" dir=\"ltr\">\n\t\t\t<div class=\"elementor-image-carousel swiper-wrapper\" aria-live=\"off\">\n\t\t\t\t\t\t\t\t<div class=\"swiper-slide\" role=\"group\" aria-roledescription=\"slide\" aria-label=\"1 of 5\"><figure class=\"swiper-slide-inner\"><img decoding=\"async\" class=\"swiper-slide-image\" src=\"https:\/\/www.proinpa.org\/web\/wp-content\/uploads\/2026\/04\/WhatsApp-Image-2026-03-06-at-20.31.14-1.jpeg\" alt=\"WhatsApp Image 2026-03-06 at 20.31.14 (1)\" \/><\/figure><\/div><div class=\"swiper-slide\" role=\"group\" aria-roledescription=\"slide\" aria-label=\"2 of 5\"><figure class=\"swiper-slide-inner\"><img decoding=\"async\" class=\"swiper-slide-image\" src=\"https:\/\/www.proinpa.org\/web\/wp-content\/uploads\/2026\/04\/WhatsApp-Image-2026-03-16-at-15.16.14.jpeg\" alt=\"WhatsApp Image 2026-03-16 at 15.16.14\" \/><\/figure><\/div><div class=\"swiper-slide\" role=\"group\" aria-roledescription=\"slide\" aria-label=\"3 of 5\"><figure class=\"swiper-slide-inner\"><img decoding=\"async\" class=\"swiper-slide-image\" src=\"https:\/\/www.proinpa.org\/web\/wp-content\/uploads\/2026\/04\/WhatsApp-Image-2026-03-16-at-15.16.18.jpeg\" alt=\"WhatsApp Image 2026-03-16 at 15.16.18\" \/><\/figure><\/div><div class=\"swiper-slide\" role=\"group\" aria-roledescription=\"slide\" aria-label=\"4 of 5\"><figure class=\"swiper-slide-inner\"><img decoding=\"async\" class=\"swiper-slide-image\" src=\"https:\/\/www.proinpa.org\/web\/wp-content\/uploads\/2026\/04\/WhatsApp-Image-2026-03-16-at-15.16.16-e1777562330407.jpeg\" alt=\"WhatsApp Image 2026-03-16 at 15.16.16\" \/><\/figure><\/div><div class=\"swiper-slide\" role=\"group\" aria-roledescription=\"slide\" aria-label=\"5 of 5\"><figure class=\"swiper-slide-inner\"><img decoding=\"async\" class=\"swiper-slide-image\" src=\"https:\/\/www.proinpa.org\/web\/wp-content\/uploads\/2026\/04\/WhatsApp-Image-2026-03-06-at-20.31.14.jpeg\" alt=\"WhatsApp Image 2026-03-06 at 20.31.14\" \/><\/figure><\/div>\t\t\t<\/div>\n\t\t\t\t\t\t\t\t\t\t\t\t<div class=\"elementor-swiper-button elementor-swiper-button-prev\" role=\"button\" tabindex=\"0\">\n\t\t\t\t\t\t<i aria-hidden=\"true\" class=\"eicon-chevron-left\"><\/i>\t\t\t\t\t<\/div>\n\t\t\t\t\t<div class=\"elementor-swiper-button elementor-swiper-button-next\" role=\"button\" tabindex=\"0\">\n\t\t\t\t\t\t<i aria-hidden=\"true\" class=\"eicon-chevron-right\"><\/i>\t\t\t\t\t<\/div>\n\t\t\t\t\n\t\t\t\t\t\t\t\t\t<div class=\"swiper-pagination\"><\/div>\n\t\t\t\t\t\t\t\t\t<\/div>\n\t\t\t\t\t\t<\/div>\n\t\t\t\t<\/div>\n\t\t\t\t\t<\/div>\n\t\t<\/div>\n\t\t\t\t\t<\/div>\n\t\t<\/section>\n\t\t\t\t<section class=\"elementor-section elementor-top-section elementor-element elementor-element-b416522 elementor-section-boxed elementor-section-height-default elementor-section-height-default\" data-id=\"b416522\" data-element_type=\"section\" data-e-type=\"section\">\n\t\t\t\t\t\t<div class=\"elementor-container elementor-column-gap-default\">\n\t\t\t\t\t<div class=\"elementor-column elementor-col-100 elementor-top-column elementor-element elementor-element-f0fa8e9\" data-id=\"f0fa8e9\" data-element_type=\"column\" data-e-type=\"column\">\n\t\t\t<div class=\"elementor-widget-wrap elementor-element-populated\">\n\t\t\t\t\t\t<div class=\"elementor-element elementor-element-be9c75a elementor-widget elementor-widget-text-editor\" data-id=\"be9c75a\" data-element_type=\"widget\" data-e-type=\"widget\" data-widget_type=\"text-editor.default\">\n\t\t\t\t<div class=\"elementor-widget-container\">\n\t\t\t\t\t\t\t\t\t<p data-start=\"229\" data-end=\"570\"><strong data-start=\"229\" data-end=\"261\">El pasado 6 de marzo de 2026<\/strong>, en las comunidades de Chita y Chacala, en el municipio de <span class=\"hover:entity-accent entity-underline inline cursor-pointer align-baseline\"><span class=\"whitespace-normal\">Uyuni<\/span><\/span>, se llev\u00f3 a cabo un d\u00eda demostrativo de campo en el marco del proyecto <em data-start=\"430\" data-end=\"569\">\u201cCrecimiento sostenible de las mipyme que trabajan con Quinua Real en Bolivia, mediante una agricultura regenerativa y econom\u00eda circular\u201d<\/em>.<\/p>\n<p data-start=\"229\" data-end=\"570\">La actividad reuni\u00f3 a <strong data-start=\"594\" data-end=\"615\">127 participantes<\/strong>, entre productores, t\u00e9cnicos y actores del sector, quienes participaron en un espacio pr\u00e1ctico orientado a fortalecer conocimientos sobre econom\u00eda circular y pr\u00e1cticas de agricultura regenerativa, con miras a procesos de certificaci\u00f3n org\u00e1nica y mejora de la sostenibilidad productiva.<\/p>\n<p data-start=\"903\" data-end=\"1388\">A diferencia de los espacios tradicionales de capacitaci\u00f3n, l<b>os d\u00edas demostrativos en campo permiten una\u00a0<span data-start=\"1008\" data-end=\"1050\" style=\"\">transferencia directa de conocimientos<\/span><\/b>, donde las y los productores pueden observar, analizar y aplicar pr\u00e1cticas en condiciones reales. Durante la jornada, se realizaron demostraciones en parcelas productivas, abordando temas como el uso de residuos agr\u00edcolas, el manejo sostenible del suelo y la implementaci\u00f3n de pr\u00e1cticas regenerativas adaptadas al contexto del altiplano.<\/p>\n<p data-start=\"1390\" data-end=\"1717\">Uno de los aspectos m\u00e1s relevantes de la actividad fue la participaci\u00f3n activa de productores l\u00edderes, quienes compartieron sus experiencias en la implementaci\u00f3n de estas pr\u00e1cticas, generando un proceso de aprendizaje horizontal que fortalece la apropiaci\u00f3n del conocimiento y facilita su r\u00e9plica en otras unidades productivas.<\/p>\n<p data-start=\"1719\" data-end=\"2017\">Este tipo de espacios pr\u00e1cticos son fundamentales para impulsar la transici\u00f3n hacia sistemas agroalimentarios m\u00e1s sostenibles, ya que permiten\u00a0<span data-start=\"1862\" data-end=\"1913\" style=\"\">acortar la brecha entre la teor\u00eda y la pr\u00e1ctica<\/span>, promoviendo la adopci\u00f3n efectiva de innovaciones t\u00e9cnicas y el fortalecimiento de capacidades locales.Asimismo, los d\u00edas de campo contribuyen a consolidar redes de colaboraci\u00f3n entre productores, t\u00e9cnicos e instituciones, fortaleciendo la cadena de valor de la Quinua Real desde un enfoque de sostenibilidad, resiliencia y competitividad.<\/p>\n<blockquote><span data-start=\"2257\" data-end=\"2626\"><b>L<\/b>a participaci\u00f3n en esta actividad se realiza en el marco del proyecto AL-INVEST Verde en Bolivia: \u201cCrecimiento sostenible de las mipymes que trabajan con Quinua Real en Bolivia, mediante una agricultura regenerativa y econom\u00eda circular\u201d. @alinvestverde implementado por @sequagGmbH, l\u00edder del Consorcio Eje<\/span><span data-start=\"2257\" data-end=\"2626\">cutor del #Componente1, financiado por @EuropeanCommission<\/span><\/blockquote>\t\t\t\t\t\t\t\t<\/div>\n\t\t\t\t<\/div>\n\t\t\t\t\t<\/div>\n\t\t<\/div>\n\t\t\t\t\t<\/div>\n\t\t<\/section>\n\t\t\t\t<\/div>\n\t\t","protected":false},"excerpt":{"rendered":"<p>D\u00eda de campo en Uyuni fortalece la adopci\u00f3n de pr\u00e1cticas regenerativas en la producci\u00f3n de Quinua Real El pasado 6 de marzo de 2026, en las comunidades de Chita y Chacala, en el municipio de Uyuni, se llev\u00f3 a cabo un d\u00eda demostrativo de campo en el marco del proyecto \u201cCrecimiento sostenible de las mipyme&hellip;&nbsp;<a href=\"https:\/\/www.proinpa.org\/web\/al-invest-impulsa-el-dia-de-campo-en-uyuni-y-fortalece-la-adopcion-de-practicas-regenerativas-en-la-produccion-de-quinua-real\/\" rel=\"bookmark\">Leer m\u00e1s &raquo;<span class=\"screen-reader-text\">AL &#8211; INVEST impulsa el d\u00eda de campo en Uyuni y fortalece la adopci\u00f3n de pr\u00e1cticas regenerativas en la producci\u00f3n de Quinua Real<\/span><\/a><\/p>\n","protected":false},"author":7,"featured_media":5725,"comment_status":"open","ping_status":"open","sticky":false,"template":"","format":"standard","meta":{"neve_meta_sidebar":"","neve_meta_container":"","neve_meta_enable_content_width":"off","neve_meta_content_width":70,"neve_meta_title_alignment":"","neve_meta_author_avatar":"","neve_post_elements_order":"","neve_meta_disable_header":"","neve_meta_disable_footer":"","neve_meta_disable_title":"","footnotes":""},"categories":[26],"tags":[],"class_list":["post-5721","post","type-post","status-publish","format-standard","has-post-thumbnail","hentry","category-noticias"],"yoast_head":"<!-- This site is optimized with the Yoast SEO plugin v27.5 - https:\/\/yoast.com\/product\/yoast-seo-wordpress\/ -->\n<title>AL - INVEST impulsa el d\u00eda de campo en Uyuni y fortalece la adopci\u00f3n de pr\u00e1cticas regenerativas en la producci\u00f3n de Quinua Real - Fundaci\u00f3n PROINPA<\/title>\n<meta name=\"robots\" content=\"index, follow, max-snippet:-1, max-image-preview:large, max-video-preview:-1\" \/>\n<link rel=\"canonical\" href=\"https:\/\/www.proinpa.org\/web\/al-invest-impulsa-el-dia-de-campo-en-uyuni-y-fortalece-la-adopcion-de-practicas-regenerativas-en-la-produccion-de-quinua-real\/\" \/>\n<meta property=\"og:locale\" content=\"es_ES\" \/>\n<meta property=\"og:type\" content=\"article\" \/>\n<meta property=\"og:title\" content=\"AL - INVEST impulsa el d\u00eda de campo en Uyuni y fortalece la adopci\u00f3n de pr\u00e1cticas regenerativas en la producci\u00f3n de Quinua Real - Fundaci\u00f3n PROINPA\" \/>\n<meta property=\"og:description\" content=\"D\u00eda de campo en Uyuni fortalece la adopci\u00f3n de pr\u00e1cticas regenerativas en la producci\u00f3n de Quinua Real El pasado 6 de marzo de 2026, en las comunidades de Chita y Chacala, en el municipio de Uyuni, se llev\u00f3 a cabo un d\u00eda demostrativo de campo en el marco del proyecto \u201cCrecimiento sostenible de las mipyme&hellip;&nbsp;Leer m\u00e1s &raquo;AL &#8211; INVEST impulsa el d\u00eda de campo en Uyuni y fortalece la adopci\u00f3n de pr\u00e1cticas regenerativas en la producci\u00f3n de Quinua Real\" \/>\n<meta property=\"og:url\" content=\"https:\/\/www.proinpa.org\/web\/al-invest-impulsa-el-dia-de-campo-en-uyuni-y-fortalece-la-adopcion-de-practicas-regenerativas-en-la-produccion-de-quinua-real\/\" \/>\n<meta property=\"og:site_name\" content=\"Fundaci\u00f3n PROINPA\" \/>\n<meta property=\"article:publisher\" content=\"https:\/\/www.facebook.com\/PROINPA\/\" \/>\n<meta property=\"article:published_time\" content=\"2026-03-10T13:39:48+00:00\" \/>\n<meta property=\"article:modified_time\" content=\"2026-04-30T15:30:55+00:00\" \/>\n<meta property=\"og:image\" content=\"https:\/\/www.proinpa.org\/web\/wp-content\/uploads\/2026\/04\/WhatsApp-Image-2026-03-06-at-20.31.14.jpeg\" \/>\n\t<meta property=\"og:image:width\" content=\"1280\" \/>\n\t<meta property=\"og:image:height\" content=\"591\" \/>\n\t<meta property=\"og:image:type\" content=\"image\/jpeg\" \/>\n<meta name=\"author\" content=\"Marisa Paredes\" \/>\n<meta name=\"twitter:card\" content=\"summary_large_image\" \/>\n<meta name=\"twitter:label1\" content=\"Escrito por\" \/>\n\t<meta name=\"twitter:data1\" content=\"Marisa Paredes\" \/>\n\t<meta name=\"twitter:label2\" content=\"Tiempo de lectura\" \/>\n\t<meta name=\"twitter:data2\" content=\"2 minutos\" \/>\n<script type=\"application\/ld+json\" class=\"yoast-schema-graph\">{\"@context\":\"https:\\\/\\\/schema.org\",\"@graph\":[{\"@type\":\"Article\",\"@id\":\"https:\\\/\\\/www.proinpa.org\\\/web\\\/al-invest-impulsa-el-dia-de-campo-en-uyuni-y-fortalece-la-adopcion-de-practicas-regenerativas-en-la-produccion-de-quinua-real\\\/#article\",\"isPartOf\":{\"@id\":\"https:\\\/\\\/www.proinpa.org\\\/web\\\/al-invest-impulsa-el-dia-de-campo-en-uyuni-y-fortalece-la-adopcion-de-practicas-regenerativas-en-la-produccion-de-quinua-real\\\/\"},\"author\":{\"name\":\"Marisa Paredes\",\"@id\":\"https:\\\/\\\/www.proinpa.org\\\/web\\\/#\\\/schema\\\/person\\\/23678ed6177288f7e8415cac4fe6fd06\"},\"headline\":\"AL &#8211; INVEST impulsa el d\u00eda de campo en Uyuni y fortalece la adopci\u00f3n de pr\u00e1cticas regenerativas en la producci\u00f3n de Quinua Real\",\"datePublished\":\"2026-03-10T13:39:48+00:00\",\"dateModified\":\"2026-04-30T15:30:55+00:00\",\"mainEntityOfPage\":{\"@id\":\"https:\\\/\\\/www.proinpa.org\\\/web\\\/al-invest-impulsa-el-dia-de-campo-en-uyuni-y-fortalece-la-adopcion-de-practicas-regenerativas-en-la-produccion-de-quinua-real\\\/\"},\"wordCount\":409,\"commentCount\":0,\"publisher\":{\"@id\":\"https:\\\/\\\/www.proinpa.org\\\/web\\\/#organization\"},\"image\":{\"@id\":\"https:\\\/\\\/www.proinpa.org\\\/web\\\/al-invest-impulsa-el-dia-de-campo-en-uyuni-y-fortalece-la-adopcion-de-practicas-regenerativas-en-la-produccion-de-quinua-real\\\/#primaryimage\"},\"thumbnailUrl\":\"https:\\\/\\\/www.proinpa.org\\\/web\\\/wp-content\\\/uploads\\\/2026\\\/04\\\/WhatsApp-Image-2026-03-06-at-20.31.14.jpeg\",\"articleSection\":[\"Noticias\"],\"inLanguage\":\"es\",\"potentialAction\":[{\"@type\":\"CommentAction\",\"name\":\"Comment\",\"target\":[\"https:\\\/\\\/www.proinpa.org\\\/web\\\/al-invest-impulsa-el-dia-de-campo-en-uyuni-y-fortalece-la-adopcion-de-practicas-regenerativas-en-la-produccion-de-quinua-real\\\/#respond\"]}]},{\"@type\":\"WebPage\",\"@id\":\"https:\\\/\\\/www.proinpa.org\\\/web\\\/al-invest-impulsa-el-dia-de-campo-en-uyuni-y-fortalece-la-adopcion-de-practicas-regenerativas-en-la-produccion-de-quinua-real\\\/\",\"url\":\"https:\\\/\\\/www.proinpa.org\\\/web\\\/al-invest-impulsa-el-dia-de-campo-en-uyuni-y-fortalece-la-adopcion-de-practicas-regenerativas-en-la-produccion-de-quinua-real\\\/\",\"name\":\"AL - INVEST impulsa el d\u00eda de campo en Uyuni y fortalece la adopci\u00f3n de pr\u00e1cticas regenerativas en la producci\u00f3n de Quinua Real - Fundaci\u00f3n PROINPA\",\"isPartOf\":{\"@id\":\"https:\\\/\\\/www.proinpa.org\\\/web\\\/#website\"},\"primaryImageOfPage\":{\"@id\":\"https:\\\/\\\/www.proinpa.org\\\/web\\\/al-invest-impulsa-el-dia-de-campo-en-uyuni-y-fortalece-la-adopcion-de-practicas-regenerativas-en-la-produccion-de-quinua-real\\\/#primaryimage\"},\"image\":{\"@id\":\"https:\\\/\\\/www.proinpa.org\\\/web\\\/al-invest-impulsa-el-dia-de-campo-en-uyuni-y-fortalece-la-adopcion-de-practicas-regenerativas-en-la-produccion-de-quinua-real\\\/#primaryimage\"},\"thumbnailUrl\":\"https:\\\/\\\/www.proinpa.org\\\/web\\\/wp-content\\\/uploads\\\/2026\\\/04\\\/WhatsApp-Image-2026-03-06-at-20.31.14.jpeg\",\"datePublished\":\"2026-03-10T13:39:48+00:00\",\"dateModified\":\"2026-04-30T15:30:55+00:00\",\"breadcrumb\":{\"@id\":\"https:\\\/\\\/www.proinpa.org\\\/web\\\/al-invest-impulsa-el-dia-de-campo-en-uyuni-y-fortalece-la-adopcion-de-practicas-regenerativas-en-la-produccion-de-quinua-real\\\/#breadcrumb\"},\"inLanguage\":\"es\",\"potentialAction\":[{\"@type\":\"ReadAction\",\"target\":[\"https:\\\/\\\/www.proinpa.org\\\/web\\\/al-invest-impulsa-el-dia-de-campo-en-uyuni-y-fortalece-la-adopcion-de-practicas-regenerativas-en-la-produccion-de-quinua-real\\\/\"]}]},{\"@type\":\"ImageObject\",\"inLanguage\":\"es\",\"@id\":\"https:\\\/\\\/www.proinpa.org\\\/web\\\/al-invest-impulsa-el-dia-de-campo-en-uyuni-y-fortalece-la-adopcion-de-practicas-regenerativas-en-la-produccion-de-quinua-real\\\/#primaryimage\",\"url\":\"https:\\\/\\\/www.proinpa.org\\\/web\\\/wp-content\\\/uploads\\\/2026\\\/04\\\/WhatsApp-Image-2026-03-06-at-20.31.14.jpeg\",\"contentUrl\":\"https:\\\/\\\/www.proinpa.org\\\/web\\\/wp-content\\\/uploads\\\/2026\\\/04\\\/WhatsApp-Image-2026-03-06-at-20.31.14.jpeg\",\"width\":1280,\"height\":591},{\"@type\":\"BreadcrumbList\",\"@id\":\"https:\\\/\\\/www.proinpa.org\\\/web\\\/al-invest-impulsa-el-dia-de-campo-en-uyuni-y-fortalece-la-adopcion-de-practicas-regenerativas-en-la-produccion-de-quinua-real\\\/#breadcrumb\",\"itemListElement\":[{\"@type\":\"ListItem\",\"position\":1,\"name\":\"Portada\",\"item\":\"https:\\\/\\\/www.proinpa.org\\\/web\\\/\"},{\"@type\":\"ListItem\",\"position\":2,\"name\":\"AL &#8211; INVEST impulsa el d\u00eda de campo en Uyuni y fortalece la adopci\u00f3n de pr\u00e1cticas regenerativas en la producci\u00f3n de Quinua Real\"}]},{\"@type\":\"WebSite\",\"@id\":\"https:\\\/\\\/www.proinpa.org\\\/web\\\/#website\",\"url\":\"https:\\\/\\\/www.proinpa.org\\\/web\\\/\",\"name\":\"Fundaci\u00f3n PROINPA\",\"description\":\"Fundaci\u00f3n para la Promoci\u00f3n e Investigaci\u00f3n de Productos Andinos\",\"publisher\":{\"@id\":\"https:\\\/\\\/www.proinpa.org\\\/web\\\/#organization\"},\"potentialAction\":[{\"@type\":\"SearchAction\",\"target\":{\"@type\":\"EntryPoint\",\"urlTemplate\":\"https:\\\/\\\/www.proinpa.org\\\/web\\\/?s={search_term_string}\"},\"query-input\":{\"@type\":\"PropertyValueSpecification\",\"valueRequired\":true,\"valueName\":\"search_term_string\"}}],\"inLanguage\":\"es\"},{\"@type\":\"Organization\",\"@id\":\"https:\\\/\\\/www.proinpa.org\\\/web\\\/#organization\",\"name\":\"Fundaci\u00f3n Proinpa\",\"url\":\"https:\\\/\\\/www.proinpa.org\\\/web\\\/\",\"logo\":{\"@type\":\"ImageObject\",\"inLanguage\":\"es\",\"@id\":\"https:\\\/\\\/www.proinpa.org\\\/web\\\/#\\\/schema\\\/logo\\\/image\\\/\",\"url\":\"https:\\\/\\\/www.proinpa.org\\\/web\\\/wp-content\\\/uploads\\\/2019\\\/09\\\/logo_proinpa2.png\",\"contentUrl\":\"https:\\\/\\\/www.proinpa.org\\\/web\\\/wp-content\\\/uploads\\\/2019\\\/09\\\/logo_proinpa2.png\",\"width\":110,\"height\":85,\"caption\":\"Fundaci\u00f3n Proinpa\"},\"image\":{\"@id\":\"https:\\\/\\\/www.proinpa.org\\\/web\\\/#\\\/schema\\\/logo\\\/image\\\/\"},\"sameAs\":[\"https:\\\/\\\/www.facebook.com\\\/PROINPA\\\/\",\"https:\\\/\\\/www.youtube.com\\\/user\\\/FundacionPROINPA\"]},{\"@type\":\"Person\",\"@id\":\"https:\\\/\\\/www.proinpa.org\\\/web\\\/#\\\/schema\\\/person\\\/23678ed6177288f7e8415cac4fe6fd06\",\"name\":\"Marisa Paredes\",\"image\":{\"@type\":\"ImageObject\",\"inLanguage\":\"es\",\"@id\":\"https:\\\/\\\/secure.gravatar.com\\\/avatar\\\/b2bf425761e71470abcc01dd834e375afce9fd93359194ce792ccaa9e97041de?s=96&d=mm&r=g\",\"url\":\"https:\\\/\\\/secure.gravatar.com\\\/avatar\\\/b2bf425761e71470abcc01dd834e375afce9fd93359194ce792ccaa9e97041de?s=96&d=mm&r=g\",\"contentUrl\":\"https:\\\/\\\/secure.gravatar.com\\\/avatar\\\/b2bf425761e71470abcc01dd834e375afce9fd93359194ce792ccaa9e97041de?s=96&d=mm&r=g\",\"caption\":\"Marisa Paredes\"},\"url\":\"https:\\\/\\\/www.proinpa.org\\\/web\\\/author\\\/m-paredes\\\/\"}]}<\/script>\n<!-- \/ Yoast SEO plugin. -->","yoast_head_json":{"title":"AL - INVEST impulsa el d\u00eda de campo en Uyuni y fortalece la adopci\u00f3n de pr\u00e1cticas regenerativas en la producci\u00f3n de Quinua Real - Fundaci\u00f3n PROINPA","robots":{"index":"index","follow":"follow","max-snippet":"max-snippet:-1","max-image-preview":"max-image-preview:large","max-video-preview":"max-video-preview:-1"},"canonical":"https:\/\/www.proinpa.org\/web\/al-invest-impulsa-el-dia-de-campo-en-uyuni-y-fortalece-la-adopcion-de-practicas-regenerativas-en-la-produccion-de-quinua-real\/","og_locale":"es_ES","og_type":"article","og_title":"AL - INVEST impulsa el d\u00eda de campo en Uyuni y fortalece la adopci\u00f3n de pr\u00e1cticas regenerativas en la producci\u00f3n de Quinua Real - Fundaci\u00f3n PROINPA","og_description":"D\u00eda de campo en Uyuni fortalece la adopci\u00f3n de pr\u00e1cticas regenerativas en la producci\u00f3n de Quinua Real El pasado 6 de marzo de 2026, en las comunidades de Chita y Chacala, en el municipio de Uyuni, se llev\u00f3 a cabo un d\u00eda demostrativo de campo en el marco del proyecto \u201cCrecimiento sostenible de las mipyme&hellip;&nbsp;Leer m\u00e1s &raquo;AL &#8211; INVEST impulsa el d\u00eda de campo en Uyuni y fortalece la adopci\u00f3n de pr\u00e1cticas regenerativas en la producci\u00f3n de Quinua Real","og_url":"https:\/\/www.proinpa.org\/web\/al-invest-impulsa-el-dia-de-campo-en-uyuni-y-fortalece-la-adopcion-de-practicas-regenerativas-en-la-produccion-de-quinua-real\/","og_site_name":"Fundaci\u00f3n PROINPA","article_publisher":"https:\/\/www.facebook.com\/PROINPA\/","article_published_time":"2026-03-10T13:39:48+00:00","article_modified_time":"2026-04-30T15:30:55+00:00","og_image":[{"width":1280,"height":591,"url":"https:\/\/www.proinpa.org\/web\/wp-content\/uploads\/2026\/04\/WhatsApp-Image-2026-03-06-at-20.31.14.jpeg","type":"image\/jpeg"}],"author":"Marisa Paredes","twitter_card":"summary_large_image","twitter_misc":{"Escrito por":"Marisa Paredes","Tiempo de lectura":"2 minutos"},"schema":{"@context":"https:\/\/schema.org","@graph":[{"@type":"Article","@id":"https:\/\/www.proinpa.org\/web\/al-invest-impulsa-el-dia-de-campo-en-uyuni-y-fortalece-la-adopcion-de-practicas-regenerativas-en-la-produccion-de-quinua-real\/#article","isPartOf":{"@id":"https:\/\/www.proinpa.org\/web\/al-invest-impulsa-el-dia-de-campo-en-uyuni-y-fortalece-la-adopcion-de-practicas-regenerativas-en-la-produccion-de-quinua-real\/"},"author":{"name":"Marisa Paredes","@id":"https:\/\/www.proinpa.org\/web\/#\/schema\/person\/23678ed6177288f7e8415cac4fe6fd06"},"headline":"AL &#8211; INVEST impulsa el d\u00eda de campo en Uyuni y fortalece la adopci\u00f3n de pr\u00e1cticas regenerativas en la producci\u00f3n de Quinua Real","datePublished":"2026-03-10T13:39:48+00:00","dateModified":"2026-04-30T15:30:55+00:00","mainEntityOfPage":{"@id":"https:\/\/www.proinpa.org\/web\/al-invest-impulsa-el-dia-de-campo-en-uyuni-y-fortalece-la-adopcion-de-practicas-regenerativas-en-la-produccion-de-quinua-real\/"},"wordCount":409,"commentCount":0,"publisher":{"@id":"https:\/\/www.proinpa.org\/web\/#organization"},"image":{"@id":"https:\/\/www.proinpa.org\/web\/al-invest-impulsa-el-dia-de-campo-en-uyuni-y-fortalece-la-adopcion-de-practicas-regenerativas-en-la-produccion-de-quinua-real\/#primaryimage"},"thumbnailUrl":"https:\/\/www.proinpa.org\/web\/wp-content\/uploads\/2026\/04\/WhatsApp-Image-2026-03-06-at-20.31.14.jpeg","articleSection":["Noticias"],"inLanguage":"es","potentialAction":[{"@type":"CommentAction","name":"Comment","target":["https:\/\/www.proinpa.org\/web\/al-invest-impulsa-el-dia-de-campo-en-uyuni-y-fortalece-la-adopcion-de-practicas-regenerativas-en-la-produccion-de-quinua-real\/#respond"]}]},{"@type":"WebPage","@id":"https:\/\/www.proinpa.org\/web\/al-invest-impulsa-el-dia-de-campo-en-uyuni-y-fortalece-la-adopcion-de-practicas-regenerativas-en-la-produccion-de-quinua-real\/","url":"https:\/\/www.proinpa.org\/web\/al-invest-impulsa-el-dia-de-campo-en-uyuni-y-fortalece-la-adopcion-de-practicas-regenerativas-en-la-produccion-de-quinua-real\/","name":"AL - INVEST impulsa el d\u00eda de campo en Uyuni y fortalece la adopci\u00f3n de pr\u00e1cticas regenerativas en la producci\u00f3n de Quinua Real - Fundaci\u00f3n PROINPA","isPartOf":{"@id":"https:\/\/www.proinpa.org\/web\/#website"},"primaryImageOfPage":{"@id":"https:\/\/www.proinpa.org\/web\/al-invest-impulsa-el-dia-de-campo-en-uyuni-y-fortalece-la-adopcion-de-practicas-regenerativas-en-la-produccion-de-quinua-real\/#primaryimage"},"image":{"@id":"https:\/\/www.proinpa.org\/web\/al-invest-impulsa-el-dia-de-campo-en-uyuni-y-fortalece-la-adopcion-de-practicas-regenerativas-en-la-produccion-de-quinua-real\/#primaryimage"},"thumbnailUrl":"https:\/\/www.proinpa.org\/web\/wp-content\/uploads\/2026\/04\/WhatsApp-Image-2026-03-06-at-20.31.14.jpeg","datePublished":"2026-03-10T13:39:48+00:00","dateModified":"2026-04-30T15:30:55+00:00","breadcrumb":{"@id":"https:\/\/www.proinpa.org\/web\/al-invest-impulsa-el-dia-de-campo-en-uyuni-y-fortalece-la-adopcion-de-practicas-regenerativas-en-la-produccion-de-quinua-real\/#breadcrumb"},"inLanguage":"es","potentialAction":[{"@type":"ReadAction","target":["https:\/\/www.proinpa.org\/web\/al-invest-impulsa-el-dia-de-campo-en-uyuni-y-fortalece-la-adopcion-de-practicas-regenerativas-en-la-produccion-de-quinua-real\/"]}]},{"@type":"ImageObject","inLanguage":"es","@id":"https:\/\/www.proinpa.org\/web\/al-invest-impulsa-el-dia-de-campo-en-uyuni-y-fortalece-la-adopcion-de-practicas-regenerativas-en-la-produccion-de-quinua-real\/#primaryimage","url":"https:\/\/www.proinpa.org\/web\/wp-content\/uploads\/2026\/04\/WhatsApp-Image-2026-03-06-at-20.31.14.jpeg","contentUrl":"https:\/\/www.proinpa.org\/web\/wp-content\/uploads\/2026\/04\/WhatsApp-Image-2026-03-06-at-20.31.14.jpeg","width":1280,"height":591},{"@type":"BreadcrumbList","@id":"https:\/\/www.proinpa.org\/web\/al-invest-impulsa-el-dia-de-campo-en-uyuni-y-fortalece-la-adopcion-de-practicas-regenerativas-en-la-produccion-de-quinua-real\/#breadcrumb","itemListElement":[{"@type":"ListItem","position":1,"name":"Portada","item":"https:\/\/www.proinpa.org\/web\/"},{"@type":"ListItem","position":2,"name":"AL &#8211; INVEST impulsa el d\u00eda de campo en Uyuni y fortalece la adopci\u00f3n de pr\u00e1cticas regenerativas en la producci\u00f3n de Quinua Real"}]},{"@type":"WebSite","@id":"https:\/\/www.proinpa.org\/web\/#website","url":"https:\/\/www.proinpa.org\/web\/","name":"Fundaci\u00f3n PROINPA","description":"Fundaci\u00f3n para la Promoci\u00f3n e Investigaci\u00f3n de Productos Andinos","publisher":{"@id":"https:\/\/www.proinpa.org\/web\/#organization"},"potentialAction":[{"@type":"SearchAction","target":{"@type":"EntryPoint","urlTemplate":"https:\/\/www.proinpa.org\/web\/?s={search_term_string}"},"query-input":{"@type":"PropertyValueSpecification","valueRequired":true,"valueName":"search_term_string"}}],"inLanguage":"es"},{"@type":"Organization","@id":"https:\/\/www.proinpa.org\/web\/#organization","name":"Fundaci\u00f3n Proinpa","url":"https:\/\/www.proinpa.org\/web\/","logo":{"@type":"ImageObject","inLanguage":"es","@id":"https:\/\/www.proinpa.org\/web\/#\/schema\/logo\/image\/","url":"https:\/\/www.proinpa.org\/web\/wp-content\/uploads\/2019\/09\/logo_proinpa2.png","contentUrl":"https:\/\/www.proinpa.org\/web\/wp-content\/uploads\/2019\/09\/logo_proinpa2.png","width":110,"height":85,"caption":"Fundaci\u00f3n Proinpa"},"image":{"@id":"https:\/\/www.proinpa.org\/web\/#\/schema\/logo\/image\/"},"sameAs":["https:\/\/www.facebook.com\/PROINPA\/","https:\/\/www.youtube.com\/user\/FundacionPROINPA"]},{"@type":"Person","@id":"https:\/\/www.proinpa.org\/web\/#\/schema\/person\/23678ed6177288f7e8415cac4fe6fd06","name":"Marisa Paredes","image":{"@type":"ImageObject","inLanguage":"es","@id":"https:\/\/secure.gravatar.com\/avatar\/b2bf425761e71470abcc01dd834e375afce9fd93359194ce792ccaa9e97041de?s=96&d=mm&r=g","url":"https:\/\/secure.gravatar.com\/avatar\/b2bf425761e71470abcc01dd834e375afce9fd93359194ce792ccaa9e97041de?s=96&d=mm&r=g","contentUrl":"https:\/\/secure.gravatar.com\/avatar\/b2bf425761e71470abcc01dd834e375afce9fd93359194ce792ccaa9e97041de?s=96&d=mm&r=g","caption":"Marisa Paredes"},"url":"https:\/\/www.proinpa.org\/web\/author\/m-paredes\/"}]}},"_links":{"self":[{"href":"https:\/\/www.proinpa.org\/web\/wp-json\/wp\/v2\/posts\/5721","targetHints":{"allow":["GET"]}}],"collection":[{"href":"https:\/\/www.proinpa.org\/web\/wp-json\/wp\/v2\/posts"}],"about":[{"href":"https:\/\/www.proinpa.org\/web\/wp-json\/wp\/v2\/types\/post"}],"author":[{"embeddable":true,"href":"https:\/\/www.proinpa.org\/web\/wp-json\/wp\/v2\/users\/7"}],"replies":[{"embeddable":true,"href":"https:\/\/www.proinpa.org\/web\/wp-json\/wp\/v2\/comments?post=5721"}],"version-history":[{"count":7,"href":"https:\/\/www.proinpa.org\/web\/wp-json\/wp\/v2\/posts\/5721\/revisions"}],"predecessor-version":[{"id":5781,"href":"https:\/\/www.proinpa.org\/web\/wp-json\/wp\/v2\/posts\/5721\/revisions\/5781"}],"wp:featuredmedia":[{"embeddable":true,"href":"https:\/\/www.proinpa.org\/web\/wp-json\/wp\/v2\/media\/5725"}],"wp:attachment":[{"href":"https:\/\/www.proinpa.org\/web\/wp-json\/wp\/v2\/media?parent=5721"}],"wp:term":[{"taxonomy":"category","embeddable":true,"href":"https:\/\/www.proinpa.org\/web\/wp-json\/wp\/v2\/categories?post=5721"},{"taxonomy":"post_tag","embeddable":true,"href":"https:\/\/www.proinpa.org\/web\/wp-json\/wp\/v2\/tags?post=5721"}],"curies":[{"name":"wp","href":"https:\/\/api.w.org\/{rel}","templated":true}]}}