{"id":5751,"date":"2026-04-30T11:22:28","date_gmt":"2026-04-30T15:22:28","guid":{"rendered":"https:\/\/www.proinpa.org\/web\/?p=5751"},"modified":"2026-04-30T11:25:15","modified_gmt":"2026-04-30T15:25:15","slug":"al-invest-verde-impulsa-avances-en-la-produccion-sostenible-de-quinua-real-en-bolivia","status":"publish","type":"post","link":"https:\/\/www.proinpa.org\/web\/al-invest-verde-impulsa-avances-en-la-produccion-sostenible-de-quinua-real-en-bolivia\/","title":{"rendered":"AL-INVEST Verde impulsa avances en la producci\u00f3n sostenible de Quinua Real en Bolivia"},"content":{"rendered":"\t\t<div data-elementor-type=\"wp-post\" data-elementor-id=\"5751\" class=\"elementor elementor-5751\">\n\t\t\t\t\t\t<section class=\"elementor-section elementor-top-section elementor-element elementor-element-33e239f elementor-section-boxed elementor-section-height-default elementor-section-height-default\" data-id=\"33e239f\" data-element_type=\"section\" data-e-type=\"section\">\n\t\t\t\t\t\t<div class=\"elementor-container elementor-column-gap-default\">\n\t\t\t\t\t<div class=\"elementor-column elementor-col-100 elementor-top-column elementor-element elementor-element-83920e5\" data-id=\"83920e5\" data-element_type=\"column\" data-e-type=\"column\">\n\t\t\t<div class=\"elementor-widget-wrap elementor-element-populated\">\n\t\t\t\t\t\t<div class=\"elementor-element elementor-element-109d325 elementor-widget elementor-widget-heading\" data-id=\"109d325\" data-element_type=\"widget\" data-e-type=\"widget\" data-widget_type=\"heading.default\">\n\t\t\t\t<div class=\"elementor-widget-container\">\n\t\t\t\t\t<h2 class=\"elementor-heading-title elementor-size-default\">AL-INVEST Verde ampl\u00eda su alcance en Bolivia: m\u00e1s de 6.000 mipyme y 37 eventos impulsan la producci\u00f3n sostenible de Quinua Real<\/h2>\t\t\t\t<\/div>\n\t\t\t\t<\/div>\n\t\t\t\t\t<\/div>\n\t\t<\/div>\n\t\t\t\t\t<\/div>\n\t\t<\/section>\n\t\t\t\t<section class=\"elementor-section elementor-top-section elementor-element elementor-element-0d3ba0f elementor-section-boxed elementor-section-height-default elementor-section-height-default\" data-id=\"0d3ba0f\" data-element_type=\"section\" data-e-type=\"section\">\n\t\t\t\t\t\t<div class=\"elementor-container elementor-column-gap-default\">\n\t\t\t\t\t<div class=\"elementor-column elementor-col-100 elementor-top-column elementor-element elementor-element-f6f2daf\" data-id=\"f6f2daf\" data-element_type=\"column\" data-e-type=\"column\">\n\t\t\t<div class=\"elementor-widget-wrap elementor-element-populated\">\n\t\t\t\t\t\t<div class=\"elementor-element elementor-element-ed3b6e2 elementor-widget elementor-widget-text-editor\" data-id=\"ed3b6e2\" data-element_type=\"widget\" data-e-type=\"widget\" data-widget_type=\"text-editor.default\">\n\t\t\t\t<div class=\"elementor-widget-container\">\n\t\t\t\t\t\t\t\t\t<p data-start=\"294\" data-end=\"512\">En el marco del programa <span class=\"hover:entity-accent entity-underline inline cursor-pointer align-baseline\"><span class=\"whitespace-normal\">AL-INVEST Verde<\/span><\/span>, se vienen consolidando importantes avances en la transici\u00f3n hacia sistemas productivos m\u00e1s sostenibles en la cadena de valor de la Quinua Real en Bolivia. Durante las gestiones <strong data-start=\"536\" data-end=\"551\">2025 y 2026<\/strong>, se desarroll\u00f3 un amplio despliegue territorial orientado a fortalecer las capacidades de las micro, peque\u00f1as y medianas empresas (mipyme), promoviendo pr\u00e1cticas de agricultura regenerativa y principios de econom\u00eda circular.<\/p>\n<p data-start=\"778\" data-end=\"1078\">En este periodo se llevaron a cabo <strong data-start=\"813\" data-end=\"834\">m\u00e1s de 37 eventos<\/strong> a nivel nacional, incluyendo d\u00edas demostrativos de campo, talleres especializados, estudios t\u00e9cnicos en parcela, ferias productivas, congresos cient\u00edficos, jornadas de innovaci\u00f3n, simposios internacionales y espacios virtuales de capacitaci\u00f3n. Estas acciones permitieron fomentar pr\u00e1cticas como la reducci\u00f3n del laboreo del suelo, el uso de cobertura vegetal, el fortalecimiento de la materia org\u00e1nica, el manejo agroecol\u00f3gico de plagas y la incorporaci\u00f3n de soluciones sostenibles en los sistemas productivos, contribuyendo a mejorar la resiliencia clim\u00e1tica y la competitividad del sector.<\/p>\t\t\t\t\t\t\t\t<\/div>\n\t\t\t\t<\/div>\n\t\t\t\t\t<\/div>\n\t\t<\/div>\n\t\t\t\t\t<\/div>\n\t\t<\/section>\n\t\t\t\t<section class=\"elementor-section elementor-top-section elementor-element elementor-element-abec415 elementor-section-boxed elementor-section-height-default elementor-section-height-default\" data-id=\"abec415\" data-element_type=\"section\" data-e-type=\"section\">\n\t\t\t\t\t\t<div class=\"elementor-container elementor-column-gap-default\">\n\t\t\t\t\t<div class=\"elementor-column elementor-col-100 elementor-top-column elementor-element elementor-element-766422c\" data-id=\"766422c\" data-element_type=\"column\" data-e-type=\"column\">\n\t\t\t<div class=\"elementor-widget-wrap elementor-element-populated\">\n\t\t\t\t\t\t<div class=\"elementor-element elementor-element-719ce26 elementor-arrows-position-inside elementor-pagination-position-outside elementor-widget elementor-widget-image-carousel\" data-id=\"719ce26\" data-element_type=\"widget\" data-e-type=\"widget\" data-settings=\"{&quot;slides_to_show&quot;:&quot;1&quot;,&quot;navigation&quot;:&quot;both&quot;,&quot;autoplay&quot;:&quot;yes&quot;,&quot;pause_on_hover&quot;:&quot;yes&quot;,&quot;pause_on_interaction&quot;:&quot;yes&quot;,&quot;autoplay_speed&quot;:5000,&quot;infinite&quot;:&quot;yes&quot;,&quot;effect&quot;:&quot;slide&quot;,&quot;speed&quot;:500}\" data-widget_type=\"image-carousel.default\">\n\t\t\t\t<div class=\"elementor-widget-container\">\n\t\t\t\t\t\t\t<div class=\"elementor-image-carousel-wrapper swiper\" role=\"region\" aria-roledescription=\"carousel\" aria-label=\"Carrusel de im\u00e1genes\" dir=\"ltr\">\n\t\t\t<div class=\"elementor-image-carousel swiper-wrapper\" aria-live=\"off\">\n\t\t\t\t\t\t\t\t<div class=\"swiper-slide\" role=\"group\" aria-roledescription=\"slide\" aria-label=\"1 of 4\"><figure class=\"swiper-slide-inner\"><img decoding=\"async\" class=\"swiper-slide-image\" src=\"https:\/\/www.proinpa.org\/web\/wp-content\/uploads\/2026\/04\/WhatsApp-Image-2026-03-06-at-20.31.14-3.jpeg\" alt=\"WhatsApp Image 2026-03-06 at 20.31.14\" \/><\/figure><\/div><div class=\"swiper-slide\" role=\"group\" aria-roledescription=\"slide\" aria-label=\"2 of 4\"><figure class=\"swiper-slide-inner\"><img decoding=\"async\" class=\"swiper-slide-image\" src=\"https:\/\/www.proinpa.org\/web\/wp-content\/uploads\/2026\/04\/WhatsApp-Image-2026-04-21-at-10.14.03-1.jpeg\" alt=\"WhatsApp Image 2026-04-21 at 10.14.03 (1)\" \/><\/figure><\/div><div class=\"swiper-slide\" role=\"group\" aria-roledescription=\"slide\" aria-label=\"3 of 4\"><figure class=\"swiper-slide-inner\"><img decoding=\"async\" class=\"swiper-slide-image\" src=\"https:\/\/www.proinpa.org\/web\/wp-content\/uploads\/2026\/04\/IMG-20250510-WA0022.jpg\" alt=\"IMG-20250510-WA0022\" \/><\/figure><\/div><div class=\"swiper-slide\" role=\"group\" aria-roledescription=\"slide\" aria-label=\"4 of 4\"><figure class=\"swiper-slide-inner\"><img decoding=\"async\" class=\"swiper-slide-image\" src=\"https:\/\/www.proinpa.org\/web\/wp-content\/uploads\/2026\/04\/IMG-20251003-WA0027.jpg\" alt=\"IMG-20251003-WA0027\" \/><\/figure><\/div>\t\t\t<\/div>\n\t\t\t\t\t\t\t\t\t\t\t\t<div class=\"elementor-swiper-button elementor-swiper-button-prev\" role=\"button\" tabindex=\"0\">\n\t\t\t\t\t\t<i aria-hidden=\"true\" class=\"eicon-chevron-left\"><\/i>\t\t\t\t\t<\/div>\n\t\t\t\t\t<div class=\"elementor-swiper-button elementor-swiper-button-next\" role=\"button\" tabindex=\"0\">\n\t\t\t\t\t\t<i aria-hidden=\"true\" class=\"eicon-chevron-right\"><\/i>\t\t\t\t\t<\/div>\n\t\t\t\t\n\t\t\t\t\t\t\t\t\t<div class=\"swiper-pagination\"><\/div>\n\t\t\t\t\t\t\t\t\t<\/div>\n\t\t\t\t\t\t<\/div>\n\t\t\t\t<\/div>\n\t\t\t\t\t<\/div>\n\t\t<\/div>\n\t\t\t\t\t<\/div>\n\t\t<\/section>\n\t\t\t\t<section class=\"elementor-section elementor-top-section elementor-element elementor-element-34461ce elementor-section-boxed elementor-section-height-default elementor-section-height-default\" data-id=\"34461ce\" data-element_type=\"section\" data-e-type=\"section\">\n\t\t\t\t\t\t<div class=\"elementor-container elementor-column-gap-default\">\n\t\t\t\t\t<div class=\"elementor-column elementor-col-50 elementor-top-column elementor-element elementor-element-be37855\" data-id=\"be37855\" data-element_type=\"column\" data-e-type=\"column\">\n\t\t\t<div class=\"elementor-widget-wrap elementor-element-populated\">\n\t\t\t\t\t\t<div class=\"elementor-element elementor-element-973daf6 elementor-widget elementor-widget-text-editor\" data-id=\"973daf6\" data-element_type=\"widget\" data-e-type=\"widget\" data-widget_type=\"text-editor.default\">\n\t\t\t\t<div class=\"elementor-widget-container\">\n\t\t\t\t\t\t\t\t\t<p data-start=\"294\" data-end=\"512\"><strong data-start=\"1946\" data-end=\"1981\">Resultados 2025\u20132026 en cifras:<\/strong><\/p><p data-start=\"294\" data-end=\"512\"><strong data-start=\"1946\" data-end=\"1981\"><br><\/strong><\/p>\n<p data-start=\"778\" data-end=\"1078\"><img decoding=\"async\" class=\"emoji\" role=\"img\" draggable=\"false\" src=\"https:\/\/s.w.org\/images\/core\/emoji\/17.0.2\/svg\/2714.svg\" alt=\"\u2714\"> M\u00e1s de 37 eventos desarrollados a nivel nacional.<\/p>\n<p data-start=\"778\" data-end=\"1078\"><br data-start=\"2032\" data-end=\"2035\"><img decoding=\"async\" class=\"emoji\" role=\"img\" draggable=\"false\" src=\"https:\/\/s.w.org\/images\/core\/emoji\/17.0.2\/svg\/2714.svg\" alt=\"\u2714\"> Actividades en La Paz, Oruro, Potos\u00ed, Chuquisaca, Cochabamba y <span data-start=\"2100\" data-end=\"2111\">Camargo.<\/span><\/p>\n<p data-start=\"778\" data-end=\"1078\"><br data-start=\"2111\" data-end=\"2114\"><img decoding=\"async\" class=\"emoji\" role=\"img\" draggable=\"false\" src=\"https:\/\/s.w.org\/images\/core\/emoji\/17.0.2\/svg\/2714.svg\" alt=\"\u2714\"> Participaci\u00f3n en ferias, congresos, simposios y espacios de transferencia tecnol\u00f3gica.<\/p>\n<p data-start=\"778\" data-end=\"1078\"><br data-start=\"2201\" data-end=\"2204\"><img decoding=\"async\" class=\"emoji\" role=\"img\" draggable=\"false\" src=\"https:\/\/s.w.org\/images\/core\/emoji\/17.0.2\/svg\/2714.svg\" alt=\"\u2714\"> <span data-start=\"2206\" data-end=\"2240\">M\u00e1s de 6.000 mipyme alcanzadas<\/span> en espacios presenciales y virtuales.<\/p>\t\t\t\t\t\t\t\t<\/div>\n\t\t\t\t<\/div>\n\t\t\t\t\t<\/div>\n\t\t<\/div>\n\t\t\t\t<div class=\"elementor-column elementor-col-50 elementor-top-column elementor-element elementor-element-145dac8\" data-id=\"145dac8\" data-element_type=\"column\" data-e-type=\"column\">\n\t\t\t<div class=\"elementor-widget-wrap elementor-element-populated\">\n\t\t\t\t\t\t<div class=\"elementor-element elementor-element-28af082 elementor-arrows-position-inside elementor-pagination-position-outside elementor-widget elementor-widget-image-carousel\" data-id=\"28af082\" data-element_type=\"widget\" data-e-type=\"widget\" data-settings=\"{&quot;slides_to_show&quot;:&quot;1&quot;,&quot;navigation&quot;:&quot;both&quot;,&quot;autoplay&quot;:&quot;yes&quot;,&quot;pause_on_hover&quot;:&quot;yes&quot;,&quot;pause_on_interaction&quot;:&quot;yes&quot;,&quot;autoplay_speed&quot;:5000,&quot;infinite&quot;:&quot;yes&quot;,&quot;effect&quot;:&quot;slide&quot;,&quot;speed&quot;:500}\" data-widget_type=\"image-carousel.default\">\n\t\t\t\t<div class=\"elementor-widget-container\">\n\t\t\t\t\t\t\t<div class=\"elementor-image-carousel-wrapper swiper\" role=\"region\" aria-roledescription=\"carousel\" aria-label=\"Carrusel de im\u00e1genes\" dir=\"ltr\">\n\t\t\t<div class=\"elementor-image-carousel swiper-wrapper\" aria-live=\"off\">\n\t\t\t\t\t\t\t\t<div class=\"swiper-slide\" role=\"group\" aria-roledescription=\"slide\" aria-label=\"1 of 5\"><figure class=\"swiper-slide-inner\"><img decoding=\"async\" class=\"swiper-slide-image\" src=\"https:\/\/www.proinpa.org\/web\/wp-content\/uploads\/2025\/03\/484912685_1065467702287588_20051.jpg\" alt=\"484912685_1065467702287588_20051\" \/><\/figure><\/div><div class=\"swiper-slide\" role=\"group\" aria-roledescription=\"slide\" aria-label=\"2 of 5\"><figure class=\"swiper-slide-inner\"><img decoding=\"async\" class=\"swiper-slide-image\" src=\"https:\/\/www.proinpa.org\/web\/wp-content\/uploads\/2024\/11\/All-inves.jpg\" alt=\"All-inves\" \/><\/figure><\/div><div class=\"swiper-slide\" role=\"group\" aria-roledescription=\"slide\" aria-label=\"3 of 5\"><figure class=\"swiper-slide-inner\"><img decoding=\"async\" class=\"swiper-slide-image\" src=\"https:\/\/www.proinpa.org\/web\/wp-content\/uploads\/2026\/04\/20251027_175924.jpg\" alt=\"20251027_175924\" \/><\/figure><\/div><div class=\"swiper-slide\" role=\"group\" aria-roledescription=\"slide\" aria-label=\"4 of 5\"><figure class=\"swiper-slide-inner\"><img decoding=\"async\" class=\"swiper-slide-image\" src=\"https:\/\/www.proinpa.org\/web\/wp-content\/uploads\/2026\/04\/Evaluacion-plagas.jpg\" alt=\"Evaluacion plagas\" \/><\/figure><\/div><div class=\"swiper-slide\" role=\"group\" aria-roledescription=\"slide\" aria-label=\"5 of 5\"><figure class=\"swiper-slide-inner\"><img decoding=\"async\" class=\"swiper-slide-image\" src=\"https:\/\/www.proinpa.org\/web\/wp-content\/uploads\/2025\/11\/20251028_122706-scaled.jpg\" alt=\"20251028_122706\" \/><\/figure><\/div>\t\t\t<\/div>\n\t\t\t\t\t\t\t\t\t\t\t\t<div class=\"elementor-swiper-button elementor-swiper-button-prev\" role=\"button\" tabindex=\"0\">\n\t\t\t\t\t\t<i aria-hidden=\"true\" class=\"eicon-chevron-left\"><\/i>\t\t\t\t\t<\/div>\n\t\t\t\t\t<div class=\"elementor-swiper-button elementor-swiper-button-next\" role=\"button\" tabindex=\"0\">\n\t\t\t\t\t\t<i aria-hidden=\"true\" class=\"eicon-chevron-right\"><\/i>\t\t\t\t\t<\/div>\n\t\t\t\t\n\t\t\t\t\t\t\t\t\t<div class=\"swiper-pagination\"><\/div>\n\t\t\t\t\t\t\t\t\t<\/div>\n\t\t\t\t\t\t<\/div>\n\t\t\t\t<\/div>\n\t\t\t\t\t<\/div>\n\t\t<\/div>\n\t\t\t\t\t<\/div>\n\t\t<\/section>\n\t\t\t\t<section class=\"elementor-section elementor-top-section elementor-element elementor-element-501891f elementor-section-boxed elementor-section-height-default elementor-section-height-default\" data-id=\"501891f\" data-element_type=\"section\" data-e-type=\"section\">\n\t\t\t\t\t\t<div class=\"elementor-container elementor-column-gap-default\">\n\t\t\t\t\t<div class=\"elementor-column elementor-col-100 elementor-top-column elementor-element elementor-element-2164ecc\" data-id=\"2164ecc\" data-element_type=\"column\" data-e-type=\"column\">\n\t\t\t<div class=\"elementor-widget-wrap elementor-element-populated\">\n\t\t\t\t\t\t<div class=\"elementor-element elementor-element-439f672 elementor-widget__width-initial elementor-widget elementor-widget-text-editor\" data-id=\"439f672\" data-element_type=\"widget\" data-e-type=\"widget\" data-widget_type=\"text-editor.default\">\n\t\t\t\t<div class=\"elementor-widget-container\">\n\t\t\t\t\t\t\t\t\t<p data-start=\"294\" data-end=\"512\">Las actividades se desarrollaron en diferentes regiones del pa\u00eds, alcanzando a productores y productoras de <strong data-start=\"1537\" data-end=\"1596\">La Paz, Oruro, Potos\u00ed, Chuquisaca, Cochabamba y Camargo<\/strong>, consolidando una intervenci\u00f3n territorial estrat\u00e9gica en zonas clave de producci\u00f3n de Quinua Real.<\/p><p data-start=\"1698\" data-end=\"1992\">Uno de los elementos centrales de este proceso ha sido el trabajo de un <strong data-start=\"1770\" data-end=\"1807\">equipo t\u00e9cnico multidisciplinario<\/strong>, que ha acompa\u00f1ado de manera permanente la implementaci\u00f3n de pr\u00e1cticas regenerativas, el fortalecimiento de capacidades y la transferencia de conocimiento hacia las mipyme productoras.<\/p><p data-start=\"1994\" data-end=\"2231\">Como resultado de estas acciones, se logr\u00f3 alcanzar a <strong data-start=\"2048\" data-end=\"2071\">m\u00e1s de 6.000 mipyme<\/strong> en espacios presenciales y virtuales, fortaleciendo la difusi\u00f3n de innovaciones productivas y promoviendo un modelo de desarrollo m\u00e1s sostenible y competitivo. Estos avances reflejan el compromiso del programa <span class=\"hover:entity-accent entity-underline inline cursor-pointer align-baseline\"><span class=\"whitespace-normal\">AL-INVEST Verde<\/span><\/span> con la transici\u00f3n hacia econom\u00edas m\u00e1s verdes, inclusivas y resilientes en Am\u00e9rica Latina.<\/p>\t\t\t\t\t\t\t\t<\/div>\n\t\t\t\t<\/div>\n\t\t\t\t\t<\/div>\n\t\t<\/div>\n\t\t\t\t\t<\/div>\n\t\t<\/section>\n\t\t\t\t<section class=\"elementor-section elementor-top-section elementor-element elementor-element-dcacfb5 elementor-section-boxed elementor-section-height-default elementor-section-height-default\" data-id=\"dcacfb5\" data-element_type=\"section\" data-e-type=\"section\">\n\t\t\t\t\t\t<div class=\"elementor-container elementor-column-gap-default\">\n\t\t\t\t\t<div class=\"elementor-column elementor-col-100 elementor-top-column elementor-element elementor-element-b640730\" data-id=\"b640730\" data-element_type=\"column\" data-e-type=\"column\">\n\t\t\t<div class=\"elementor-widget-wrap elementor-element-populated\">\n\t\t\t\t\t\t<div class=\"elementor-element elementor-element-05e7b38 elementor-arrows-position-inside elementor-pagination-position-outside elementor-widget elementor-widget-image-carousel\" data-id=\"05e7b38\" data-element_type=\"widget\" data-e-type=\"widget\" data-settings=\"{&quot;slides_to_show&quot;:&quot;1&quot;,&quot;navigation&quot;:&quot;both&quot;,&quot;autoplay&quot;:&quot;yes&quot;,&quot;pause_on_hover&quot;:&quot;yes&quot;,&quot;pause_on_interaction&quot;:&quot;yes&quot;,&quot;autoplay_speed&quot;:5000,&quot;infinite&quot;:&quot;yes&quot;,&quot;effect&quot;:&quot;slide&quot;,&quot;speed&quot;:500}\" data-widget_type=\"image-carousel.default\">\n\t\t\t\t<div class=\"elementor-widget-container\">\n\t\t\t\t\t\t\t<div class=\"elementor-image-carousel-wrapper swiper\" role=\"region\" aria-roledescription=\"carousel\" aria-label=\"Carrusel de im\u00e1genes\" dir=\"ltr\">\n\t\t\t<div class=\"elementor-image-carousel swiper-wrapper\" aria-live=\"off\">\n\t\t\t\t\t\t\t\t<div class=\"swiper-slide\" role=\"group\" aria-roledescription=\"slide\" aria-label=\"1 of 2\"><figure class=\"swiper-slide-inner\"><img decoding=\"async\" class=\"swiper-slide-image\" src=\"https:\/\/www.proinpa.org\/web\/wp-content\/uploads\/2026\/04\/volteo-del-biocompost-en-la-comunidad-de-Chita-.jpg\" alt=\"volteo del biocompost en la comunidad de Chita\" \/><\/figure><\/div><div class=\"swiper-slide\" role=\"group\" aria-roledescription=\"slide\" aria-label=\"2 of 2\"><figure class=\"swiper-slide-inner\"><img decoding=\"async\" class=\"swiper-slide-image\" src=\"https:\/\/www.proinpa.org\/web\/wp-content\/uploads\/2026\/04\/DSC07918.jpg\" alt=\"DSC07918\" \/><\/figure><\/div>\t\t\t<\/div>\n\t\t\t\t\t\t\t\t\t\t\t\t<div class=\"elementor-swiper-button elementor-swiper-button-prev\" role=\"button\" tabindex=\"0\">\n\t\t\t\t\t\t<i aria-hidden=\"true\" class=\"eicon-chevron-left\"><\/i>\t\t\t\t\t<\/div>\n\t\t\t\t\t<div class=\"elementor-swiper-button elementor-swiper-button-next\" role=\"button\" tabindex=\"0\">\n\t\t\t\t\t\t<i aria-hidden=\"true\" class=\"eicon-chevron-right\"><\/i>\t\t\t\t\t<\/div>\n\t\t\t\t\n\t\t\t\t\t\t\t\t\t<div class=\"swiper-pagination\"><\/div>\n\t\t\t\t\t\t\t\t\t<\/div>\n\t\t\t\t\t\t<\/div>\n\t\t\t\t<\/div>\n\t\t\t\t\t<\/div>\n\t\t<\/div>\n\t\t\t\t\t<\/div>\n\t\t<\/section>\n\t\t\t\t<section class=\"elementor-section elementor-top-section elementor-element elementor-element-349482f elementor-section-boxed elementor-section-height-default elementor-section-height-default\" data-id=\"349482f\" data-element_type=\"section\" data-e-type=\"section\">\n\t\t\t\t\t\t<div class=\"elementor-container elementor-column-gap-default\">\n\t\t\t\t\t<div class=\"elementor-column elementor-col-100 elementor-top-column elementor-element elementor-element-abc66f1\" data-id=\"abc66f1\" data-element_type=\"column\" data-e-type=\"column\">\n\t\t\t<div class=\"elementor-widget-wrap elementor-element-populated\">\n\t\t\t\t\t\t<div class=\"elementor-element elementor-element-f33fd6a elementor-widget__width-initial elementor-widget elementor-widget-text-editor\" data-id=\"f33fd6a\" data-element_type=\"widget\" data-e-type=\"widget\" data-widget_type=\"text-editor.default\">\n\t\t\t\t<div class=\"elementor-widget-container\">\n\t\t\t\t\t\t\t\t\t<blockquote><h6><span style=\"font-weight: normal;\">El programa es financiado por la <span class=\"hover:entity-accent entity-underline inline cursor-pointer align-baseline\"><span class=\"whitespace-normal\">Uni\u00f3n Europea<\/span><\/span> y en Bolivia se implementa a trav\u00e9s de un consorcio liderado por sequa gGmbH, junto a Impacto Positivo en la Comunidad (IPC), Tr\u00edvium y la Fundaci\u00f3n PROINPA<\/span>.<\/h6><\/blockquote>\t\t\t\t\t\t\t\t<\/div>\n\t\t\t\t<\/div>\n\t\t\t\t\t<\/div>\n\t\t<\/div>\n\t\t\t\t\t<\/div>\n\t\t<\/section>\n\t\t\t\t<\/div>\n\t\t","protected":false},"excerpt":{"rendered":"<p>AL-INVEST Verde ampl\u00eda su alcance en Bolivia: m\u00e1s de 6.000 mipyme y 37 eventos impulsan la producci\u00f3n sostenible de Quinua Real En el marco del programa AL-INVEST Verde, se vienen consolidando importantes avances en la transici\u00f3n hacia sistemas productivos m\u00e1s sostenibles en la cadena de valor de la Quinua Real en Bolivia. Durante las gestiones&hellip;&nbsp;<a href=\"https:\/\/www.proinpa.org\/web\/al-invest-verde-impulsa-avances-en-la-produccion-sostenible-de-quinua-real-en-bolivia\/\" rel=\"bookmark\">Leer m\u00e1s &raquo;<span class=\"screen-reader-text\">AL-INVEST Verde impulsa avances en la producci\u00f3n sostenible de Quinua Real en Bolivia<\/span><\/a><\/p>\n","protected":false},"author":7,"featured_media":5112,"comment_status":"open","ping_status":"open","sticky":false,"template":"","format":"standard","meta":{"neve_meta_sidebar":"","neve_meta_container":"","neve_meta_enable_content_width":"","neve_meta_content_width":0,"neve_meta_title_alignment":"","neve_meta_author_avatar":"","neve_post_elements_order":"","neve_meta_disable_header":"","neve_meta_disable_footer":"","neve_meta_disable_title":"","footnotes":""},"categories":[1],"tags":[],"class_list":["post-5751","post","type-post","status-publish","format-standard","has-post-thumbnail","hentry","category-sin-categoria"],"yoast_head":"<!-- This site is optimized with the Yoast SEO plugin v27.5 - https:\/\/yoast.com\/product\/yoast-seo-wordpress\/ -->\n<title>AL-INVEST Verde impulsa avances en la producci\u00f3n sostenible de Quinua Real en Bolivia - Fundaci\u00f3n PROINPA<\/title>\n<meta name=\"robots\" content=\"index, follow, max-snippet:-1, max-image-preview:large, max-video-preview:-1\" \/>\n<link rel=\"canonical\" href=\"https:\/\/www.proinpa.org\/web\/al-invest-verde-impulsa-avances-en-la-produccion-sostenible-de-quinua-real-en-bolivia\/\" \/>\n<meta property=\"og:locale\" content=\"es_ES\" \/>\n<meta property=\"og:type\" content=\"article\" \/>\n<meta property=\"og:title\" content=\"AL-INVEST Verde impulsa avances en la producci\u00f3n sostenible de Quinua Real en Bolivia - Fundaci\u00f3n PROINPA\" \/>\n<meta property=\"og:description\" content=\"AL-INVEST Verde ampl\u00eda su alcance en Bolivia: m\u00e1s de 6.000 mipyme y 37 eventos impulsan la producci\u00f3n sostenible de Quinua Real En el marco del programa AL-INVEST Verde, se vienen consolidando importantes avances en la transici\u00f3n hacia sistemas productivos m\u00e1s sostenibles en la cadena de valor de la Quinua Real en Bolivia. Durante las gestiones&hellip;&nbsp;Leer m\u00e1s &raquo;AL-INVEST Verde impulsa avances en la producci\u00f3n sostenible de Quinua Real en Bolivia\" \/>\n<meta property=\"og:url\" content=\"https:\/\/www.proinpa.org\/web\/al-invest-verde-impulsa-avances-en-la-produccion-sostenible-de-quinua-real-en-bolivia\/\" \/>\n<meta property=\"og:site_name\" content=\"Fundaci\u00f3n PROINPA\" \/>\n<meta property=\"article:publisher\" content=\"https:\/\/www.facebook.com\/PROINPA\/\" \/>\n<meta property=\"article:published_time\" content=\"2026-04-30T15:22:28+00:00\" \/>\n<meta property=\"article:modified_time\" content=\"2026-04-30T15:25:15+00:00\" \/>\n<meta property=\"og:image\" content=\"https:\/\/www.proinpa.org\/web\/wp-content\/uploads\/2025\/03\/484912685_1065467702287588_20051.jpg\" \/>\n\t<meta property=\"og:image:width\" content=\"1600\" \/>\n\t<meta property=\"og:image:height\" content=\"1200\" \/>\n\t<meta property=\"og:image:type\" content=\"image\/jpeg\" \/>\n<meta name=\"author\" content=\"Marisa Paredes\" \/>\n<meta name=\"twitter:card\" content=\"summary_large_image\" \/>\n<meta name=\"twitter:label1\" content=\"Escrito por\" \/>\n\t<meta name=\"twitter:data1\" content=\"Marisa Paredes\" \/>\n\t<meta name=\"twitter:label2\" content=\"Tiempo de lectura\" \/>\n\t<meta name=\"twitter:data2\" content=\"2 minutos\" \/>\n<script type=\"application\/ld+json\" class=\"yoast-schema-graph\">{\"@context\":\"https:\\\/\\\/schema.org\",\"@graph\":[{\"@type\":\"Article\",\"@id\":\"https:\\\/\\\/www.proinpa.org\\\/web\\\/al-invest-verde-impulsa-avances-en-la-produccion-sostenible-de-quinua-real-en-bolivia\\\/#article\",\"isPartOf\":{\"@id\":\"https:\\\/\\\/www.proinpa.org\\\/web\\\/al-invest-verde-impulsa-avances-en-la-produccion-sostenible-de-quinua-real-en-bolivia\\\/\"},\"author\":{\"name\":\"Marisa Paredes\",\"@id\":\"https:\\\/\\\/www.proinpa.org\\\/web\\\/#\\\/schema\\\/person\\\/23678ed6177288f7e8415cac4fe6fd06\"},\"headline\":\"AL-INVEST Verde impulsa avances en la producci\u00f3n sostenible de Quinua Real en Bolivia\",\"datePublished\":\"2026-04-30T15:22:28+00:00\",\"dateModified\":\"2026-04-30T15:25:15+00:00\",\"mainEntityOfPage\":{\"@id\":\"https:\\\/\\\/www.proinpa.org\\\/web\\\/al-invest-verde-impulsa-avances-en-la-produccion-sostenible-de-quinua-real-en-bolivia\\\/\"},\"wordCount\":433,\"commentCount\":0,\"publisher\":{\"@id\":\"https:\\\/\\\/www.proinpa.org\\\/web\\\/#organization\"},\"image\":{\"@id\":\"https:\\\/\\\/www.proinpa.org\\\/web\\\/al-invest-verde-impulsa-avances-en-la-produccion-sostenible-de-quinua-real-en-bolivia\\\/#primaryimage\"},\"thumbnailUrl\":\"https:\\\/\\\/www.proinpa.org\\\/web\\\/wp-content\\\/uploads\\\/2025\\\/03\\\/484912685_1065467702287588_20051.jpg\",\"inLanguage\":\"es\",\"potentialAction\":[{\"@type\":\"CommentAction\",\"name\":\"Comment\",\"target\":[\"https:\\\/\\\/www.proinpa.org\\\/web\\\/al-invest-verde-impulsa-avances-en-la-produccion-sostenible-de-quinua-real-en-bolivia\\\/#respond\"]}]},{\"@type\":\"WebPage\",\"@id\":\"https:\\\/\\\/www.proinpa.org\\\/web\\\/al-invest-verde-impulsa-avances-en-la-produccion-sostenible-de-quinua-real-en-bolivia\\\/\",\"url\":\"https:\\\/\\\/www.proinpa.org\\\/web\\\/al-invest-verde-impulsa-avances-en-la-produccion-sostenible-de-quinua-real-en-bolivia\\\/\",\"name\":\"AL-INVEST Verde impulsa avances en la producci\u00f3n sostenible de Quinua Real en Bolivia - Fundaci\u00f3n PROINPA\",\"isPartOf\":{\"@id\":\"https:\\\/\\\/www.proinpa.org\\\/web\\\/#website\"},\"primaryImageOfPage\":{\"@id\":\"https:\\\/\\\/www.proinpa.org\\\/web\\\/al-invest-verde-impulsa-avances-en-la-produccion-sostenible-de-quinua-real-en-bolivia\\\/#primaryimage\"},\"image\":{\"@id\":\"https:\\\/\\\/www.proinpa.org\\\/web\\\/al-invest-verde-impulsa-avances-en-la-produccion-sostenible-de-quinua-real-en-bolivia\\\/#primaryimage\"},\"thumbnailUrl\":\"https:\\\/\\\/www.proinpa.org\\\/web\\\/wp-content\\\/uploads\\\/2025\\\/03\\\/484912685_1065467702287588_20051.jpg\",\"datePublished\":\"2026-04-30T15:22:28+00:00\",\"dateModified\":\"2026-04-30T15:25:15+00:00\",\"breadcrumb\":{\"@id\":\"https:\\\/\\\/www.proinpa.org\\\/web\\\/al-invest-verde-impulsa-avances-en-la-produccion-sostenible-de-quinua-real-en-bolivia\\\/#breadcrumb\"},\"inLanguage\":\"es\",\"potentialAction\":[{\"@type\":\"ReadAction\",\"target\":[\"https:\\\/\\\/www.proinpa.org\\\/web\\\/al-invest-verde-impulsa-avances-en-la-produccion-sostenible-de-quinua-real-en-bolivia\\\/\"]}]},{\"@type\":\"ImageObject\",\"inLanguage\":\"es\",\"@id\":\"https:\\\/\\\/www.proinpa.org\\\/web\\\/al-invest-verde-impulsa-avances-en-la-produccion-sostenible-de-quinua-real-en-bolivia\\\/#primaryimage\",\"url\":\"https:\\\/\\\/www.proinpa.org\\\/web\\\/wp-content\\\/uploads\\\/2025\\\/03\\\/484912685_1065467702287588_20051.jpg\",\"contentUrl\":\"https:\\\/\\\/www.proinpa.org\\\/web\\\/wp-content\\\/uploads\\\/2025\\\/03\\\/484912685_1065467702287588_20051.jpg\",\"width\":1600,\"height\":1200},{\"@type\":\"BreadcrumbList\",\"@id\":\"https:\\\/\\\/www.proinpa.org\\\/web\\\/al-invest-verde-impulsa-avances-en-la-produccion-sostenible-de-quinua-real-en-bolivia\\\/#breadcrumb\",\"itemListElement\":[{\"@type\":\"ListItem\",\"position\":1,\"name\":\"Portada\",\"item\":\"https:\\\/\\\/www.proinpa.org\\\/web\\\/\"},{\"@type\":\"ListItem\",\"position\":2,\"name\":\"AL-INVEST Verde impulsa avances en la producci\u00f3n sostenible de Quinua Real en Bolivia\"}]},{\"@type\":\"WebSite\",\"@id\":\"https:\\\/\\\/www.proinpa.org\\\/web\\\/#website\",\"url\":\"https:\\\/\\\/www.proinpa.org\\\/web\\\/\",\"name\":\"Fundaci\u00f3n PROINPA\",\"description\":\"Fundaci\u00f3n para la Promoci\u00f3n e Investigaci\u00f3n de Productos Andinos\",\"publisher\":{\"@id\":\"https:\\\/\\\/www.proinpa.org\\\/web\\\/#organization\"},\"potentialAction\":[{\"@type\":\"SearchAction\",\"target\":{\"@type\":\"EntryPoint\",\"urlTemplate\":\"https:\\\/\\\/www.proinpa.org\\\/web\\\/?s={search_term_string}\"},\"query-input\":{\"@type\":\"PropertyValueSpecification\",\"valueRequired\":true,\"valueName\":\"search_term_string\"}}],\"inLanguage\":\"es\"},{\"@type\":\"Organization\",\"@id\":\"https:\\\/\\\/www.proinpa.org\\\/web\\\/#organization\",\"name\":\"Fundaci\u00f3n Proinpa\",\"url\":\"https:\\\/\\\/www.proinpa.org\\\/web\\\/\",\"logo\":{\"@type\":\"ImageObject\",\"inLanguage\":\"es\",\"@id\":\"https:\\\/\\\/www.proinpa.org\\\/web\\\/#\\\/schema\\\/logo\\\/image\\\/\",\"url\":\"https:\\\/\\\/www.proinpa.org\\\/web\\\/wp-content\\\/uploads\\\/2019\\\/09\\\/logo_proinpa2.png\",\"contentUrl\":\"https:\\\/\\\/www.proinpa.org\\\/web\\\/wp-content\\\/uploads\\\/2019\\\/09\\\/logo_proinpa2.png\",\"width\":110,\"height\":85,\"caption\":\"Fundaci\u00f3n Proinpa\"},\"image\":{\"@id\":\"https:\\\/\\\/www.proinpa.org\\\/web\\\/#\\\/schema\\\/logo\\\/image\\\/\"},\"sameAs\":[\"https:\\\/\\\/www.facebook.com\\\/PROINPA\\\/\",\"https:\\\/\\\/www.youtube.com\\\/user\\\/FundacionPROINPA\"]},{\"@type\":\"Person\",\"@id\":\"https:\\\/\\\/www.proinpa.org\\\/web\\\/#\\\/schema\\\/person\\\/23678ed6177288f7e8415cac4fe6fd06\",\"name\":\"Marisa Paredes\",\"image\":{\"@type\":\"ImageObject\",\"inLanguage\":\"es\",\"@id\":\"https:\\\/\\\/secure.gravatar.com\\\/avatar\\\/b2bf425761e71470abcc01dd834e375afce9fd93359194ce792ccaa9e97041de?s=96&d=mm&r=g\",\"url\":\"https:\\\/\\\/secure.gravatar.com\\\/avatar\\\/b2bf425761e71470abcc01dd834e375afce9fd93359194ce792ccaa9e97041de?s=96&d=mm&r=g\",\"contentUrl\":\"https:\\\/\\\/secure.gravatar.com\\\/avatar\\\/b2bf425761e71470abcc01dd834e375afce9fd93359194ce792ccaa9e97041de?s=96&d=mm&r=g\",\"caption\":\"Marisa Paredes\"},\"url\":\"https:\\\/\\\/www.proinpa.org\\\/web\\\/author\\\/m-paredes\\\/\"}]}<\/script>\n<!-- \/ Yoast SEO plugin. -->","yoast_head_json":{"title":"AL-INVEST Verde impulsa avances en la producci\u00f3n sostenible de Quinua Real en Bolivia - Fundaci\u00f3n PROINPA","robots":{"index":"index","follow":"follow","max-snippet":"max-snippet:-1","max-image-preview":"max-image-preview:large","max-video-preview":"max-video-preview:-1"},"canonical":"https:\/\/www.proinpa.org\/web\/al-invest-verde-impulsa-avances-en-la-produccion-sostenible-de-quinua-real-en-bolivia\/","og_locale":"es_ES","og_type":"article","og_title":"AL-INVEST Verde impulsa avances en la producci\u00f3n sostenible de Quinua Real en Bolivia - Fundaci\u00f3n PROINPA","og_description":"AL-INVEST Verde ampl\u00eda su alcance en Bolivia: m\u00e1s de 6.000 mipyme y 37 eventos impulsan la producci\u00f3n sostenible de Quinua Real En el marco del programa AL-INVEST Verde, se vienen consolidando importantes avances en la transici\u00f3n hacia sistemas productivos m\u00e1s sostenibles en la cadena de valor de la Quinua Real en Bolivia. Durante las gestiones&hellip;&nbsp;Leer m\u00e1s &raquo;AL-INVEST Verde impulsa avances en la producci\u00f3n sostenible de Quinua Real en Bolivia","og_url":"https:\/\/www.proinpa.org\/web\/al-invest-verde-impulsa-avances-en-la-produccion-sostenible-de-quinua-real-en-bolivia\/","og_site_name":"Fundaci\u00f3n PROINPA","article_publisher":"https:\/\/www.facebook.com\/PROINPA\/","article_published_time":"2026-04-30T15:22:28+00:00","article_modified_time":"2026-04-30T15:25:15+00:00","og_image":[{"width":1600,"height":1200,"url":"https:\/\/www.proinpa.org\/web\/wp-content\/uploads\/2025\/03\/484912685_1065467702287588_20051.jpg","type":"image\/jpeg"}],"author":"Marisa Paredes","twitter_card":"summary_large_image","twitter_misc":{"Escrito por":"Marisa Paredes","Tiempo de lectura":"2 minutos"},"schema":{"@context":"https:\/\/schema.org","@graph":[{"@type":"Article","@id":"https:\/\/www.proinpa.org\/web\/al-invest-verde-impulsa-avances-en-la-produccion-sostenible-de-quinua-real-en-bolivia\/#article","isPartOf":{"@id":"https:\/\/www.proinpa.org\/web\/al-invest-verde-impulsa-avances-en-la-produccion-sostenible-de-quinua-real-en-bolivia\/"},"author":{"name":"Marisa Paredes","@id":"https:\/\/www.proinpa.org\/web\/#\/schema\/person\/23678ed6177288f7e8415cac4fe6fd06"},"headline":"AL-INVEST Verde impulsa avances en la producci\u00f3n sostenible de Quinua Real en Bolivia","datePublished":"2026-04-30T15:22:28+00:00","dateModified":"2026-04-30T15:25:15+00:00","mainEntityOfPage":{"@id":"https:\/\/www.proinpa.org\/web\/al-invest-verde-impulsa-avances-en-la-produccion-sostenible-de-quinua-real-en-bolivia\/"},"wordCount":433,"commentCount":0,"publisher":{"@id":"https:\/\/www.proinpa.org\/web\/#organization"},"image":{"@id":"https:\/\/www.proinpa.org\/web\/al-invest-verde-impulsa-avances-en-la-produccion-sostenible-de-quinua-real-en-bolivia\/#primaryimage"},"thumbnailUrl":"https:\/\/www.proinpa.org\/web\/wp-content\/uploads\/2025\/03\/484912685_1065467702287588_20051.jpg","inLanguage":"es","potentialAction":[{"@type":"CommentAction","name":"Comment","target":["https:\/\/www.proinpa.org\/web\/al-invest-verde-impulsa-avances-en-la-produccion-sostenible-de-quinua-real-en-bolivia\/#respond"]}]},{"@type":"WebPage","@id":"https:\/\/www.proinpa.org\/web\/al-invest-verde-impulsa-avances-en-la-produccion-sostenible-de-quinua-real-en-bolivia\/","url":"https:\/\/www.proinpa.org\/web\/al-invest-verde-impulsa-avances-en-la-produccion-sostenible-de-quinua-real-en-bolivia\/","name":"AL-INVEST Verde impulsa avances en la producci\u00f3n sostenible de Quinua Real en Bolivia - Fundaci\u00f3n PROINPA","isPartOf":{"@id":"https:\/\/www.proinpa.org\/web\/#website"},"primaryImageOfPage":{"@id":"https:\/\/www.proinpa.org\/web\/al-invest-verde-impulsa-avances-en-la-produccion-sostenible-de-quinua-real-en-bolivia\/#primaryimage"},"image":{"@id":"https:\/\/www.proinpa.org\/web\/al-invest-verde-impulsa-avances-en-la-produccion-sostenible-de-quinua-real-en-bolivia\/#primaryimage"},"thumbnailUrl":"https:\/\/www.proinpa.org\/web\/wp-content\/uploads\/2025\/03\/484912685_1065467702287588_20051.jpg","datePublished":"2026-04-30T15:22:28+00:00","dateModified":"2026-04-30T15:25:15+00:00","breadcrumb":{"@id":"https:\/\/www.proinpa.org\/web\/al-invest-verde-impulsa-avances-en-la-produccion-sostenible-de-quinua-real-en-bolivia\/#breadcrumb"},"inLanguage":"es","potentialAction":[{"@type":"ReadAction","target":["https:\/\/www.proinpa.org\/web\/al-invest-verde-impulsa-avances-en-la-produccion-sostenible-de-quinua-real-en-bolivia\/"]}]},{"@type":"ImageObject","inLanguage":"es","@id":"https:\/\/www.proinpa.org\/web\/al-invest-verde-impulsa-avances-en-la-produccion-sostenible-de-quinua-real-en-bolivia\/#primaryimage","url":"https:\/\/www.proinpa.org\/web\/wp-content\/uploads\/2025\/03\/484912685_1065467702287588_20051.jpg","contentUrl":"https:\/\/www.proinpa.org\/web\/wp-content\/uploads\/2025\/03\/484912685_1065467702287588_20051.jpg","width":1600,"height":1200},{"@type":"BreadcrumbList","@id":"https:\/\/www.proinpa.org\/web\/al-invest-verde-impulsa-avances-en-la-produccion-sostenible-de-quinua-real-en-bolivia\/#breadcrumb","itemListElement":[{"@type":"ListItem","position":1,"name":"Portada","item":"https:\/\/www.proinpa.org\/web\/"},{"@type":"ListItem","position":2,"name":"AL-INVEST Verde impulsa avances en la producci\u00f3n sostenible de Quinua Real en Bolivia"}]},{"@type":"WebSite","@id":"https:\/\/www.proinpa.org\/web\/#website","url":"https:\/\/www.proinpa.org\/web\/","name":"Fundaci\u00f3n PROINPA","description":"Fundaci\u00f3n para la Promoci\u00f3n e Investigaci\u00f3n de Productos Andinos","publisher":{"@id":"https:\/\/www.proinpa.org\/web\/#organization"},"potentialAction":[{"@type":"SearchAction","target":{"@type":"EntryPoint","urlTemplate":"https:\/\/www.proinpa.org\/web\/?s={search_term_string}"},"query-input":{"@type":"PropertyValueSpecification","valueRequired":true,"valueName":"search_term_string"}}],"inLanguage":"es"},{"@type":"Organization","@id":"https:\/\/www.proinpa.org\/web\/#organization","name":"Fundaci\u00f3n Proinpa","url":"https:\/\/www.proinpa.org\/web\/","logo":{"@type":"ImageObject","inLanguage":"es","@id":"https:\/\/www.proinpa.org\/web\/#\/schema\/logo\/image\/","url":"https:\/\/www.proinpa.org\/web\/wp-content\/uploads\/2019\/09\/logo_proinpa2.png","contentUrl":"https:\/\/www.proinpa.org\/web\/wp-content\/uploads\/2019\/09\/logo_proinpa2.png","width":110,"height":85,"caption":"Fundaci\u00f3n Proinpa"},"image":{"@id":"https:\/\/www.proinpa.org\/web\/#\/schema\/logo\/image\/"},"sameAs":["https:\/\/www.facebook.com\/PROINPA\/","https:\/\/www.youtube.com\/user\/FundacionPROINPA"]},{"@type":"Person","@id":"https:\/\/www.proinpa.org\/web\/#\/schema\/person\/23678ed6177288f7e8415cac4fe6fd06","name":"Marisa Paredes","image":{"@type":"ImageObject","inLanguage":"es","@id":"https:\/\/secure.gravatar.com\/avatar\/b2bf425761e71470abcc01dd834e375afce9fd93359194ce792ccaa9e97041de?s=96&d=mm&r=g","url":"https:\/\/secure.gravatar.com\/avatar\/b2bf425761e71470abcc01dd834e375afce9fd93359194ce792ccaa9e97041de?s=96&d=mm&r=g","contentUrl":"https:\/\/secure.gravatar.com\/avatar\/b2bf425761e71470abcc01dd834e375afce9fd93359194ce792ccaa9e97041de?s=96&d=mm&r=g","caption":"Marisa Paredes"},"url":"https:\/\/www.proinpa.org\/web\/author\/m-paredes\/"}]}},"_links":{"self":[{"href":"https:\/\/www.proinpa.org\/web\/wp-json\/wp\/v2\/posts\/5751","targetHints":{"allow":["GET"]}}],"collection":[{"href":"https:\/\/www.proinpa.org\/web\/wp-json\/wp\/v2\/posts"}],"about":[{"href":"https:\/\/www.proinpa.org\/web\/wp-json\/wp\/v2\/types\/post"}],"author":[{"embeddable":true,"href":"https:\/\/www.proinpa.org\/web\/wp-json\/wp\/v2\/users\/7"}],"replies":[{"embeddable":true,"href":"https:\/\/www.proinpa.org\/web\/wp-json\/wp\/v2\/comments?post=5751"}],"version-history":[{"count":9,"href":"https:\/\/www.proinpa.org\/web\/wp-json\/wp\/v2\/posts\/5751\/revisions"}],"predecessor-version":[{"id":5780,"href":"https:\/\/www.proinpa.org\/web\/wp-json\/wp\/v2\/posts\/5751\/revisions\/5780"}],"wp:featuredmedia":[{"embeddable":true,"href":"https:\/\/www.proinpa.org\/web\/wp-json\/wp\/v2\/media\/5112"}],"wp:attachment":[{"href":"https:\/\/www.proinpa.org\/web\/wp-json\/wp\/v2\/media?parent=5751"}],"wp:term":[{"taxonomy":"category","embeddable":true,"href":"https:\/\/www.proinpa.org\/web\/wp-json\/wp\/v2\/categories?post=5751"},{"taxonomy":"post_tag","embeddable":true,"href":"https:\/\/www.proinpa.org\/web\/wp-json\/wp\/v2\/tags?post=5751"}],"curies":[{"name":"wp","href":"https:\/\/api.w.org\/{rel}","templated":true}]}}